{"id":4223,"date":"2020-05-28T01:25:32","date_gmt":"2020-05-28T01:25:32","guid":{"rendered":"http:\/\/gastronomidia.com.br\/?p=4223"},"modified":"2020-05-28T01:36:18","modified_gmt":"2020-05-28T01:36:18","slug":"alimentacao-gratuita","status":"publish","type":"post","link":"https:\/\/gastronomidia.com.br\/2021\/alimentacao-gratuita\/midia\/","title":{"rendered":"Restaurantes Bom Prato v\u00e3o oferecer alimenta\u00e7\u00e3o gratuita"},"content":{"rendered":"<div class=\"mc-column content-text active-extra-styles \" data-block-type=\"unstyled\" data-block-weight=\"26\" data-block-id=\"3\">\n<p class=\"content-text__container \" data-track-category=\"Link no Texto\" data-track-links=\"\">A Secretaria de Desenvolvimento Social do governo de S\u00e3o Paulo vai passar a oferecer refei\u00e7\u00f5es gratuitas para moradores de rua cadastrados nos restaurantes Bom Prato do estado. A medida vai valer at\u00e9 30 de julho deste ano, ou enquanto durar as\u00a0<a href=\"https:\/\/g1.globo.com\/sp\/sao-paulo\/noticia\/2020\/05\/27\/quarentena-em-sp-e-prorrogada-com-flexibilizacao-progressiva-em-diferentes-regioes-do-estado.ghtml\">medidas adotadas na quarentena<\/a>.<\/p>\n<p>At\u00e9 ent\u00e3o, a rede de restaurantes oferecia caf\u00e9 da manh\u00e3 por R$ 0,50 e almo\u00e7o e jantar por R$ 1. Atualmente, o estado possui 59 unidades.<\/p>\n<p>Segundo o artigo 1\u00ba da medida publicada nesta quarta-feira (27) no Di\u00e1rio Oficial do Estado de S\u00e3o Paulo, <strong>&#8220;fica dispensado do pagamento de refei\u00e7\u00f5es, mediante a apresenta\u00e7\u00e3o do cart\u00e3o de gratuidade, o usu\u00e1rio devidamente cadastrado pela Prefeitura Municipal como popula\u00e7\u00e3o em situa\u00e7\u00e3o de rua n\u00e3o albergada e sem acesso \u00e0 assist\u00eancia alimentar at\u00e9 30\/07\/2020, podendo o benef\u00edcio ser estendido enquanto perdurar o estado de calamidade p\u00fablica reconhecido pelo Decreto 64.879, de 20\/03\/2020. &#8220;<\/strong><\/p>\n<\/div>\n<div class=\"mc-column content-text active-extra-styles \" data-block-type=\"unstyled\" data-block-weight=\"73\" data-block-id=\"4\">\n<p class=\"content-text__container \" data-track-category=\"Link no Texto\" data-track-links=\"\">De acordo com o artigo 2\u00ba &#8211; &#8220;\u00e9 facultado ao munic\u00edpio que possui unidade do Restaurante Popular Bom Prato aderir \u00e0 a\u00e7\u00e3o de gratuidade para pessoas em situa\u00e7\u00e3o de rua.&#8221;<\/p>\n<\/div>\n<div class=\"mc-column content-text active-extra-styles \" data-block-type=\"unstyled\" data-block-weight=\"30\" data-block-id=\"5\">\n<p class=\"content-text__container \" data-track-category=\"Link no Texto\" data-track-links=\"\">O texto ainda diz que, se a prefeitura aderir ao novo programa, &#8220;ser\u00e1 celebrado conv\u00eanio de coopera\u00e7\u00e3o com a Secretaria de Desenvolvimento Social, onde caber\u00e1 ao munic\u00edpio a quantifica\u00e7\u00e3o, identifica\u00e7\u00e3o e localiza\u00e7\u00e3o dos benefici\u00e1rios, bem como a entrega dos cart\u00f5es de gratuidade e o monitoramento da presta\u00e7\u00e3o dos servi\u00e7os.&#8221;<\/p>\n<p>Segundo o Di\u00e1rio Oficial do Estado de S\u00e3o Paulo, a &#8220;gratuidade das refei\u00e7\u00f5es estabelecida no artigo 1\u00ba, ser\u00e1 integralmente custeada pelo Governo do Estado.<\/p>\n<p><strong>Fonte\/Cr\u00e9ditos:<\/strong>\u00a0G1SP\/Glauco Ara\u00fajo<\/p>\n<hr \/>\n<p>Compartilhe este post com as pessoas em suas redes sociais e marque o perfil. Curta e siga o\u00a0@gastronomidiaoficial no\u00a0<a href=\"https:\/\/www.facebook.com\/gastronomidiaoficial\/\" target=\"_blank\" rel=\"noopener\"><strong>Facebook<\/strong><\/a>\u00a0ou no\u00a0<a href=\"https:\/\/www.instagram.com\/gastronomidiaoficial\/\" target=\"_blank\" rel=\"noopener\"><strong>Instagram<\/strong><\/a>.<\/p>\n<p>N\u00f3s tamb\u00e9m estamos no WhatsApp, adicione o nosso n\u00famero (11) 97725-5667 em seus contatos ou utilize este\u00a0<a href=\"http:\/\/bit.ly\/2JT7zDt\" target=\"_blank\" rel=\"noopener\"><strong>link<\/strong><\/a>\u00a0para falar com a gente.<\/p>\n<\/div>\n<div class=\"mc-column content-text active-extra-styles \" data-block-type=\"unstyled\" data-block-weight=\"50\" data-block-id=\"6\">\n<p class=\"content-text__container \" data-track-category=\"Link no Texto\" data-track-links=\"\">\n<\/div>\n","protected":false},"excerpt":{"rendered":"<p>A Secretaria de Desenvolvimento Social do governo de S\u00e3o Paulo vai passar a oferecer refei\u00e7\u00f5es gratuitas para moradores de rua cadastrados nos restaurantes Bom Prato do estado. A medida vai valer at\u00e9 30 de julho deste ano, ou enquanto durar as\u00a0medidas adotadas na quarentena. At\u00e9 ent\u00e3o, a rede de restaurantes oferecia caf\u00e9 da manh\u00e3 por &hellip;<\/p>\n","protected":false},"author":1,"featured_media":4226,"comment_status":"open","ping_status":"open","sticky":false,"template":"","format":"standard","meta":[],"categories":[130,95,381],"tags":[900,318,901,855,93],"_links":{"self":[{"href":"https:\/\/gastronomidia.com.br\/2021\/wp-json\/wp\/v2\/posts\/4223"}],"collection":[{"href":"https:\/\/gastronomidia.com.br\/2021\/wp-json\/wp\/v2\/posts"}],"about":[{"href":"https:\/\/gastronomidia.com.br\/2021\/wp-json\/wp\/v2\/types\/post"}],"author":[{"embeddable":true,"href":"https:\/\/gastronomidia.com.br\/2021\/wp-json\/wp\/v2\/users\/1"}],"replies":[{"embeddable":true,"href":"https:\/\/gastronomidia.com.br\/2021\/wp-json\/wp\/v2\/comments?post=4223"}],"version-history":[{"count":3,"href":"https:\/\/gastronomidia.com.br\/2021\/wp-json\/wp\/v2\/posts\/4223\/revisions"}],"predecessor-version":[{"id":4225,"href":"https:\/\/gastronomidia.com.br\/2021\/wp-json\/wp\/v2\/posts\/4223\/revisions\/4225"}],"wp:featuredmedia":[{"embeddable":true,"href":"https:\/\/gastronomidia.com.br\/2021\/wp-json\/wp\/v2\/media\/4226"}],"wp:attachment":[{"href":"https:\/\/gastronomidia.com.br\/2021\/wp-json\/wp\/v2\/media?parent=4223"}],"wp:term":[{"taxonomy":"category","embeddable":true,"href":"https:\/\/gastronomidia.com.br\/2021\/wp-json\/wp\/v2\/categories?post=4223"},{"taxonomy":"post_tag","embeddable":true,"href":"https:\/\/gastronomidia.com.br\/2021\/wp-json\/wp\/v2\/tags?post=4223"}],"curies":[{"name":"wp","href":"https:\/\/api.w.org\/{rel}","templated":true}]}}