{"id":4216,"date":"2020-05-25T01:28:27","date_gmt":"2020-05-25T01:28:27","guid":{"rendered":"http:\/\/gastronomidia.com.br\/?p=4216"},"modified":"2020-05-25T01:28:27","modified_gmt":"2020-05-25T01:28:27","slug":"restaurante-que-virou-meme-colocado-a-venda","status":"publish","type":"post","link":"https:\/\/gastronomidia.com.br\/2021\/restaurante-que-virou-meme-colocado-a-venda\/midia\/","title":{"rendered":"P\u00e9 de Fava, restaurante que virou meme com Jacquin, \u00e9 colocado \u00e0 venda"},"content":{"rendered":"<p>O restaurante\u00a0<strong>P\u00e9 de Fava<\/strong>, um<em>\u00a0self-service<\/em>\u00a0localizado em Guarulhos, na Grande S\u00e3o Paulo, ganhou fama em 2019, ap\u00f3s ser destaque num dos epis\u00f3dios da s\u00e9rie\u00a0<em>Pesadelo na Cozinha<\/em>, apresentada pelo chef\u00a0<strong>Erick Jacquin\u00a0<\/strong>na TV Bandeirantes. Na ocasi\u00e3o, o chef franc\u00eas perdeu a paci\u00eancia com a administra\u00e7\u00e3o da casa ap\u00f3s\u00a0<strong>F\u00e1bio Lima<\/strong>, o dono, revelar que desligava o freezer durante a noite para economizar energia no estabelecimento.<\/p>\n<p>A rea\u00e7\u00e3o do chef\u00a0virou meme nas redes sociais, com direito a v\u00f4mito, gritos e a frase que virou um bord\u00e3o: \u201c<strong>Voc\u00ea \u00e9 a vergonha da profiss\u00e3o!<\/strong>\u201c. O epis\u00f3dio foi ao ar em outubro do ano passado, quando o sucesso atraiu uma fervorosa clientela.\u00a0Agora, a casa voltou a chamar aten\u00e7\u00e3o por um an\u00fancio publicado no site\u00a0<strong>Olx<\/strong>: uma publica\u00e7\u00e3o feita no dia 19 de maio pede\u00a0<strong>150 000 reais pelo restaurante<\/strong>. \u201cMesmo com a pandemia o restaurante continua lucrativo, sem d\u00edvidas, rec\u00e9m reformado. \u00c9 s\u00f3 entrar e trabalhar\u201d, garante a p\u00e1gina.<\/p>\n<p><strong>A publica\u00e7\u00e3o n\u00e3o \u00e9 falsa.<\/strong>\u00a0O propriet\u00e1rio, F\u00e1bio Lima, 35, confirmou que o an\u00fancio foi feito por ele, mas garante que a venda n\u00e3o \u00e9 por dificuldades financeiras: \u201cHoje [quinta-feira (21)], por exemplo, vendemos 250, 300 marmitas. Quando n\u00e3o \u00e9 isso \u00e9 150 por dia\u201d, afirma. Lima conta que ele e a esposa, S\u00e2mia Carolina, 31, est\u00e3o em busca de uma vida mais tranquila.<\/p>\n<p>\u201cMoramos 13, 14 anos aqui em S\u00e3o Paulo. A gente cansou da correria de S\u00e3o Paulo e queremos um lugar bem isolado, sossegado. \u00c9 cansativo trabalhar de domingo a domingo. Comprar um sitiozinho e criar uma galinhas\u201d, afirma. Lima conta que eles fizeram um bom \u201cp\u00e9 de meia\u201d nos \u00faltimos tempos e est\u00e3o em busca de uma propriedade no estado do Alagoas, terra natal do empres\u00e1rio.<\/p>\n<p>Desde o in\u00edcio da quarentena, o P\u00e9 de Fava passou 8 dias fechado para uma adapta\u00e7\u00e3o. \u201cA gente n\u00e3o trabalhava com delivery, tivemos que correr atr\u00e1s de embalagem, iFood, motoboy. Cada dia [a demanda] vai aumentando\u201d.<\/p>\n<p>\u201cMas n\u00e3o temos pressa de vender\u201d, garante. \u201cColocamos o an\u00fancio para ver qual era a rea\u00e7\u00e3o do pessoal. Colocamos 150 000 e desde ent\u00e3o o telefone n\u00e3o para\u201d, diz ele, que enquanto atendia este rep\u00f3rter, afirmou que tinha recebido mais uma oferta pelo restaurante. \u201cEst\u00e3o aparecendo compradores. J\u00e1 me ofereceram o dobro [da quantia colocada no an\u00fancio]\u201d.<\/p>\n<p>\u201cQuem quiser trabalhar com restaurante \u00e9 tiro certeiro. A n\u00e3o ser que o cara mude o m\u00e9todo de trabalho. Mas do jeito que est\u00e1 aqui t\u00e1 tranquilo. Vou avaliar as propostas. O im\u00f3vel \u00e9 alugado, mas quem comprar vai ter tudo: equipamentos, porteira fechada\u201d, promete.<\/p>\n<p><strong>Fonte\/Cr\u00e9ditos:<\/strong>\u00a0VejaSP\/Guilherme Queiroz<\/p>\n<hr \/>\n<p>Compartilhe este post com as pessoas em suas redes sociais e marque o perfil. Curta e siga o\u00a0@gastronomidiaoficial no\u00a0<a href=\"https:\/\/www.facebook.com\/gastronomidiaoficial\/\" target=\"_blank\" rel=\"noopener\"><strong>Facebook<\/strong><\/a>\u00a0ou no\u00a0<a href=\"https:\/\/www.instagram.com\/gastronomidiaoficial\/\" target=\"_blank\" rel=\"noopener\"><strong>Instagram<\/strong><\/a>.<\/p>\n<p>N\u00f3s tamb\u00e9m estamos no WhatsApp, adicione o nosso n\u00famero (11) 97725-5667 em seus contatos ou utilize este\u00a0<a href=\"http:\/\/bit.ly\/2JT7zDt\" target=\"_blank\" rel=\"noopener\"><strong>link<\/strong><\/a>\u00a0para falar com a gente.<\/p>\n","protected":false},"excerpt":{"rendered":"<p>O restaurante\u00a0P\u00e9 de Fava, um\u00a0self-service\u00a0localizado em Guarulhos, na Grande S\u00e3o Paulo, ganhou fama em 2019, ap\u00f3s ser destaque num dos epis\u00f3dios da s\u00e9rie\u00a0Pesadelo na Cozinha, apresentada pelo chef\u00a0Erick Jacquin\u00a0na TV Bandeirantes. Na ocasi\u00e3o, o chef franc\u00eas perdeu a paci\u00eancia com a administra\u00e7\u00e3o da casa ap\u00f3s\u00a0F\u00e1bio Lima, o dono, revelar que desligava o freezer durante a &hellip;<\/p>\n","protected":false},"author":1,"featured_media":4217,"comment_status":"open","ping_status":"open","sticky":false,"template":"","format":"standard","meta":[],"categories":[130,95,129,235],"tags":[218,131,894,896,895],"_links":{"self":[{"href":"https:\/\/gastronomidia.com.br\/2021\/wp-json\/wp\/v2\/posts\/4216"}],"collection":[{"href":"https:\/\/gastronomidia.com.br\/2021\/wp-json\/wp\/v2\/posts"}],"about":[{"href":"https:\/\/gastronomidia.com.br\/2021\/wp-json\/wp\/v2\/types\/post"}],"author":[{"embeddable":true,"href":"https:\/\/gastronomidia.com.br\/2021\/wp-json\/wp\/v2\/users\/1"}],"replies":[{"embeddable":true,"href":"https:\/\/gastronomidia.com.br\/2021\/wp-json\/wp\/v2\/comments?post=4216"}],"version-history":[{"count":2,"href":"https:\/\/gastronomidia.com.br\/2021\/wp-json\/wp\/v2\/posts\/4216\/revisions"}],"predecessor-version":[{"id":4219,"href":"https:\/\/gastronomidia.com.br\/2021\/wp-json\/wp\/v2\/posts\/4216\/revisions\/4219"}],"wp:featuredmedia":[{"embeddable":true,"href":"https:\/\/gastronomidia.com.br\/2021\/wp-json\/wp\/v2\/media\/4217"}],"wp:attachment":[{"href":"https:\/\/gastronomidia.com.br\/2021\/wp-json\/wp\/v2\/media?parent=4216"}],"wp:term":[{"taxonomy":"category","embeddable":true,"href":"https:\/\/gastronomidia.com.br\/2021\/wp-json\/wp\/v2\/categories?post=4216"},{"taxonomy":"post_tag","embeddable":true,"href":"https:\/\/gastronomidia.com.br\/2021\/wp-json\/wp\/v2\/tags?post=4216"}],"curies":[{"name":"wp","href":"https:\/\/api.w.org\/{rel}","templated":true}]}}