{"id":4192,"date":"2020-05-06T15:26:12","date_gmt":"2020-05-06T15:26:12","guid":{"rendered":"http:\/\/gastronomidia.com.br\/?p=4192"},"modified":"2020-05-06T15:26:12","modified_gmt":"2020-05-06T15:26:12","slug":"que-tal-trocar-o-arroz-e-feijao-por-uma-torta-delicia","status":"publish","type":"post","link":"https:\/\/gastronomidia.com.br\/2021\/que-tal-trocar-o-arroz-e-feijao-por-uma-torta-delicia\/receitas\/","title":{"rendered":"Que tal trocar o arroz e feij\u00e3o por uma torta del\u00edcia?"},"content":{"rendered":"<p>Durante o isolamento todo mundo tem se jogado nas atividades do lar e ir para a cozinha tem sido uma dessas novidades na rotina do brasileiro. Para ajudar os novatos do fog\u00e3o a variarem o card\u00e1pio, o chef Melchior Neto preparou uma receita de torta pr\u00e1tica e f\u00e1cil de fazer. Essa del\u00edcia pode ser saboreada no almo\u00e7o ou no jantar e permite sair daquela rotina tradicional de arroz e feij\u00e3o com muita praticidade.<\/p>\n<p><strong>Torta del\u00edcia da quarentena<\/strong><br \/>\n<em>Por Chef Melchior Neto<\/em><\/p>\n<p><strong>MASSA<\/strong><br \/>\n<strong>INGREDIENTES<\/strong><strong><br \/>\n<\/strong>3 x\u00edcaras (ch\u00e1) de farinha de trigo<br \/>\n150 g de manteiga gelada em cubos<br \/>\n\u00be de x\u00edcara (ch\u00e1) de \u00e1gua gelada<br \/>\n1 pitada de sal<\/p>\n<p>1 gema de ovo para pincelar<\/p>\n<p><strong>MODO DE PREPARO<\/strong><strong><br \/>\n<\/strong>Numa tigela grande misture a farinha com o sal, acrescente os cubos de manteiga e misture com as pontas dos dedos at\u00e9 formar uma farofa grossa. Adicione a \u00e1gua gelada e amasse at\u00e9 ficar lisa. Modele uma bola, envolva com pl\u00e1stico filme e leve \u00e0 geladeira por pelo menos 1 hora. Ap\u00f3s o descanso, retire a massa da geladeira e deixe em temperatura ambiente por cerca de 10 minutos antes de usar.<\/p>\n<p><strong>RECHEIO<\/strong><strong><br \/>\n<\/strong><strong>INGREDIENTES<\/strong><strong><br \/>\n<\/strong>1 colher (sopa) de azeite<br \/>\n1 colher (sopa) de manteiga<br \/>\n\u00bd cebola roxa picada<br \/>\n\u00bd cebola roxa em fatias (finalizar)<br \/>\n10 tomates cereja cortados ao meio<br \/>\n1 lata de atum s\u00f3lido<br \/>\n1 vidro de palmito<br \/>\n\u00bd x\u00edcara (ch\u00e1) de azeitona verde picada<br \/>\n2 colheres (sopa) de farinha de trigo<br \/>\n1 x\u00edcara (ch\u00e1) de leite<br \/>\n200g de requeij\u00e3o cremoso<br \/>\n2 colheres (sopa) de salsa picada<\/p>\n<p><strong>MODO DE PREPARO<\/strong><strong><br \/>\n<\/strong>Em uma panela coloque o azeite e a manteiga e refogue a cebola picada, adicione o atum escorrido ao refogado. Dissolva a farinha de trigo no leite e acrescente mexendo bem at\u00e9 engrossar. Por \u00faltimo, adicione o requeij\u00e3o cremoso e a salsa.<\/p>\n<p><strong>MONTAGEM<\/strong><strong><br \/>\n<\/strong>Unte uma forma de aro remov\u00edvel de 25cm de di\u00e2metro com \u00f3leo e polvilhe farinha de trigo. Forre a forma com a massa e coloque o recheio. Por cima acomode os tomates, a cebola roxa, a azeitona, a salsa, o palmito picado e pincele com a gema de ovo. Leve ao forno pr\u00e9-aquecido a 200\u00b0 por 20 minutos ou at\u00e9 dourar. Retire do forno, deixe descansar 10 minutos antes de servir. Regue com azeite e sirva com salada de sua prefer\u00eancia.<\/p>\n<p><strong>Servi\u00e7o:<\/strong><strong><br \/>\n<\/strong>Gema Restaurante<br \/>\n<strong>Endere\u00e7o:<\/strong> Rua das Paineiras, 378 \u2013 Jardim, Santo Andr\u00e9\u2013 SP<br \/>\n<strong>Telefone:<\/strong> 4436-3773<\/p>\n<p><strong>Fonte:<\/strong>\u00a0Assessoria<\/p>\n<hr \/>\n<p>Compartilhe este post com as pessoas em suas redes sociais e marque o perfil. Curta e siga o\u00a0@gastronomidiaoficial no\u00a0<a href=\"https:\/\/www.facebook.com\/gastronomidiaoficial\/\" target=\"_blank\" rel=\"noopener\"><strong>Facebook<\/strong><\/a>\u00a0ou no\u00a0<a href=\"https:\/\/www.instagram.com\/gastronomidiaoficial\/\" target=\"_blank\" rel=\"noopener\"><strong>Instagram<\/strong><\/a>.<\/p>\n<p>N\u00f3s tamb\u00e9m estamos no WhatsApp, adicione o nosso n\u00famero (11) 97725-5667 em seus contatos ou utilize este\u00a0<a href=\"http:\/\/bit.ly\/2JT7zDt\" target=\"_blank\" rel=\"noopener\"><strong>link<\/strong><\/a>\u00a0para falar com a gente.<\/p>\n","protected":false},"excerpt":{"rendered":"<p>Durante o isolamento todo mundo tem se jogado nas atividades do lar e ir para a cozinha tem sido uma dessas novidades na rotina do brasileiro. Para ajudar os novatos do fog\u00e3o a variarem o card\u00e1pio, o chef Melchior Neto preparou uma receita de torta pr\u00e1tica e f\u00e1cil de fazer. Essa del\u00edcia pode ser saboreada &hellip;<\/p>\n","protected":false},"author":1,"featured_media":4193,"comment_status":"open","ping_status":"open","sticky":false,"template":"","format":"standard","meta":[],"categories":[130,100,446],"tags":[642,878,855,107],"_links":{"self":[{"href":"https:\/\/gastronomidia.com.br\/2021\/wp-json\/wp\/v2\/posts\/4192"}],"collection":[{"href":"https:\/\/gastronomidia.com.br\/2021\/wp-json\/wp\/v2\/posts"}],"about":[{"href":"https:\/\/gastronomidia.com.br\/2021\/wp-json\/wp\/v2\/types\/post"}],"author":[{"embeddable":true,"href":"https:\/\/gastronomidia.com.br\/2021\/wp-json\/wp\/v2\/users\/1"}],"replies":[{"embeddable":true,"href":"https:\/\/gastronomidia.com.br\/2021\/wp-json\/wp\/v2\/comments?post=4192"}],"version-history":[{"count":1,"href":"https:\/\/gastronomidia.com.br\/2021\/wp-json\/wp\/v2\/posts\/4192\/revisions"}],"predecessor-version":[{"id":4194,"href":"https:\/\/gastronomidia.com.br\/2021\/wp-json\/wp\/v2\/posts\/4192\/revisions\/4194"}],"wp:featuredmedia":[{"embeddable":true,"href":"https:\/\/gastronomidia.com.br\/2021\/wp-json\/wp\/v2\/media\/4193"}],"wp:attachment":[{"href":"https:\/\/gastronomidia.com.br\/2021\/wp-json\/wp\/v2\/media?parent=4192"}],"wp:term":[{"taxonomy":"category","embeddable":true,"href":"https:\/\/gastronomidia.com.br\/2021\/wp-json\/wp\/v2\/categories?post=4192"},{"taxonomy":"post_tag","embeddable":true,"href":"https:\/\/gastronomidia.com.br\/2021\/wp-json\/wp\/v2\/tags?post=4192"}],"curies":[{"name":"wp","href":"https:\/\/api.w.org\/{rel}","templated":true}]}}