{"id":4179,"date":"2020-05-05T03:45:14","date_gmt":"2020-05-05T03:45:14","guid":{"rendered":"http:\/\/gastronomidia.com.br\/?p=4179"},"modified":"2020-05-05T12:58:41","modified_gmt":"2020-05-05T12:58:41","slug":"fajitas-do-rodrigo","status":"publish","type":"post","link":"https:\/\/gastronomidia.com.br\/2021\/fajitas-do-rodrigo\/novidades\/","title":{"rendered":"Festival Mexicano do Rodrigo: Fajitas de Carne"},"content":{"rendered":"<p>Fajitas&#8230; Este tem seu nome na origem espanhola da palavra faixa, devido sua apar\u00eancia similar aos cintos tipo faixa (faja) usado na cintura por algumas mulheres mexicanas para modelar o corpo.<\/p>\n<p>A Fajita teve sua inven\u00e7\u00e3o reclamada por muitos desde o final da d\u00e9cada de 60.<\/p>\n<p><img loading=\"lazy\" class=\"alignleft size-tanaka-thumb-390-311 wp-image-4180\" src=\"http:\/\/gastronomidia.com.br\/2021\/wp-content\/uploads\/2020\/05\/easy-steak-fajitas-small-1-390x311.jpg\" alt=\"fajitas na chapa\" width=\"390\" height=\"311\" \/>O importante \u00e9 que, hoje em dia, a Fajita \u00e9 reconhecida como um prato servido semi-acabado, onde tortilhas de trigo aquecidas s\u00e3o servidas, acompanhadas de carne (boi,\u00a0 frango, porco ou camar\u00e3o), cebolas e piment\u00f5es grelhados em tiras, apresentados sobre uma grelha ou frigideira. S\u00e3o servidos juntos a recipientes com tomates e alfaces picados, queijo ralado e molhos t\u00edpicos da cozinha Tex-Mex ou Mexicana como o Sour Cream, Guacamole, Salsa Roja, Salsa Verde, Salsa Mexicana, Dip de Cheddar\u00a0ou Pico de Gallo.<\/p>\n<p>Apresentada desta forma, a &#8220;montagem&#8221; da\u00a0Fajita \u00e9 feita pelo pr\u00f3prio comensal, que pode servir-se dos acompanhamentos a gosto. Basta colocar o recheio desejado sobre a tortilha e enrol\u00e1-la, formando um &#8220;tubo&#8221; de aproximadamente 4 cm de di\u00e2metro.<\/p>\n<p>Agora chega de teoria e partimos para a receita que quem fala (escreve) muito, pouco faz! Os amigos est\u00e3o cobrando at\u00e9 por mensagens de whatsapp&#8230; rsrs<\/p>\n<div class=\"col-xs-12 box-title\">\n<h1>Fajitas<\/h1>\n<\/div>\n<div class=\"col-xs-12 box-description\">\n<p>Tortillas de farinha, recheadas com carne, piment\u00e3o, cebola, queijo e guacamole<\/p>\n<h3>INGREDIENTES<\/h3>\n<dl>\n<dt><strong>Tortilhas de Farinha:<\/strong><br \/>\n2 x\u00edcaras (ch\u00e1) de farinha de trigo<br \/>\n1 x\u00edcara de \u00e1gua morna<br \/>\nmeia colher (ch\u00e1) de sal<\/dt>\n<dd>\n<div><\/div>\n<\/dd>\n<dt><strong>Recheio de Guacamole:<\/strong><br \/>\n2 abacate em cubos pequenos<\/dt>\n<dt>2 tomate sem sementes, em cubinhos<br \/>\n1 e meia colher (sopa) de coentro picado (eu n\u00e3o usei)<br \/>\n1 pitada de sal<br \/>\n3 colheres de sopa de azeite<br \/>\nSuco de 1 lim\u00e3o<\/dt>\n<dt><strong>Recheio de Carne:<\/strong><br \/>\nmeio quilo de fil\u00e9 mignon ou contra-filet em tirinhas finas<br \/>\n2 colheres (sopa) de manteiga<\/dt>\n<dt>meio piment\u00e3o verde em tirinhas finas<\/dt>\n<dt>meio piment\u00e3o vermelho em tirinhas finas<br \/>\nmeio piment\u00e3o amarelo em tirinhas finas<br \/>\n1 cebola branca m\u00e9dia em tirinhas<br \/>\n1 cebola roxa m\u00e9dia em tirinhas<br \/>\n1 pitada de pimenta do reino<br \/>\n2 x\u00edcaras (ch\u00e1) de queijo mussarela ou monterey ralado<strong>MODO DE PREPARO<br \/>\n<\/strong><br \/>\n<strong>Tortilhas de Farinha:<\/strong><br \/>\nEm um recipiente, coloque a farinha e o sal e adicione cerca de 1 x\u00edcara (ch\u00e1) de \u00e1gua morna, aos poucos, mexendo bem, at\u00e9 que desprenda das m\u00e3os. Cubra com um pano de prato e deixe descansar por cerca de 10 minutos. Sove mais um pouco e, em uma superf\u00edcie limpa e enfarinhada, abra com o aux\u00edlio de um rolo de macarr\u00e3o pequenas por\u00e7\u00f5es de massa, formando panquequinhas bem finas com cerca de 15 cm de di\u00e2metro. Em uma frigideira antiaderente bem quente, coloque as panquequinhas e deixe-as dourar dos dois lados. Repita o procedimento com o restante da massa. Reserve.<\/p>\n<p><strong>Recheio de Guacamole:<\/strong><br \/>\nEm um recipiente, misture bem todos os ingredientes. Reserve.<\/p>\n<p><strong>Recheio de Carne:<\/strong><br \/>\nEm um recipiente, tempere a carne com pimenta do reino. Em uma frigideira, derreta a manteiga e doure a carne. Junte os piment\u00f5es e a cebola e cozinhe at\u00e9 ficarem macios.<\/p>\n<p><strong>Montagem:<\/strong><br \/>\nColoque no centro de cada tortilha uma por\u00e7\u00e3o de guacamole e uma por\u00e7\u00e3o do recheio de carne. Enrole e sirva a seguir.<\/p>\n<p>DICA:<br \/>\nO Monterey \u00e9 um queijo t\u00edpico do M\u00e9xico, de textura macia e colora\u00e7\u00e3o amarelada. Pode ser substitu\u00eddo pelo cheddar, gouda ou mussarela.<\/p>\n<p><strong>Receita:<\/strong>\u00a0Rodrigo Messias | Sugest\u00e3o Nestl\u00e9<\/p>\n<hr \/>\n<p>Compartilhe este post com as pessoas em suas redes sociais e marque o perfil. Curta e siga o\u00a0@gastronomidiaoficial no\u00a0<a href=\"https:\/\/www.facebook.com\/gastronomidiaoficial\/\" target=\"_blank\" rel=\"noopener\"><strong>Facebook<\/strong><\/a>\u00a0ou no\u00a0<a href=\"https:\/\/www.instagram.com\/gastronomidiaoficial\/\" target=\"_blank\" rel=\"noopener\"><strong>Instagram<\/strong><\/a>.<\/p>\n<p>N\u00f3s tamb\u00e9m estamos no WhatsApp, adicione o nosso n\u00famero (11) 97725-5667 em seus contatos ou utilize este\u00a0<a href=\"http:\/\/bit.ly\/2JT7zDt\" target=\"_blank\" rel=\"noopener\"><strong>link<\/strong><\/a>\u00a0para falar com a gente.<\/dt>\n<dd><\/dd>\n<\/dl>\n<\/div>\n","protected":false},"excerpt":{"rendered":"<p>Fajitas&#8230; Este tem seu nome na origem espanhola da palavra faixa, devido sua apar\u00eancia similar aos cintos tipo faixa (faja) usado na cintura por algumas mulheres mexicanas para modelar o corpo. A Fajita teve sua inven\u00e7\u00e3o reclamada por muitos desde o final da d\u00e9cada de 60. O importante \u00e9 que, hoje em dia, a Fajita &hellip;<\/p>\n","protected":false},"author":1,"featured_media":4181,"comment_status":"open","ping_status":"open","sticky":false,"template":"","format":"standard","meta":[],"categories":[130,94,100],"tags":[871,874,873,107,872],"_links":{"self":[{"href":"https:\/\/gastronomidia.com.br\/2021\/wp-json\/wp\/v2\/posts\/4179"}],"collection":[{"href":"https:\/\/gastronomidia.com.br\/2021\/wp-json\/wp\/v2\/posts"}],"about":[{"href":"https:\/\/gastronomidia.com.br\/2021\/wp-json\/wp\/v2\/types\/post"}],"author":[{"embeddable":true,"href":"https:\/\/gastronomidia.com.br\/2021\/wp-json\/wp\/v2\/users\/1"}],"replies":[{"embeddable":true,"href":"https:\/\/gastronomidia.com.br\/2021\/wp-json\/wp\/v2\/comments?post=4179"}],"version-history":[{"count":6,"href":"https:\/\/gastronomidia.com.br\/2021\/wp-json\/wp\/v2\/posts\/4179\/revisions"}],"predecessor-version":[{"id":4188,"href":"https:\/\/gastronomidia.com.br\/2021\/wp-json\/wp\/v2\/posts\/4179\/revisions\/4188"}],"wp:featuredmedia":[{"embeddable":true,"href":"https:\/\/gastronomidia.com.br\/2021\/wp-json\/wp\/v2\/media\/4181"}],"wp:attachment":[{"href":"https:\/\/gastronomidia.com.br\/2021\/wp-json\/wp\/v2\/media?parent=4179"}],"wp:term":[{"taxonomy":"category","embeddable":true,"href":"https:\/\/gastronomidia.com.br\/2021\/wp-json\/wp\/v2\/categories?post=4179"},{"taxonomy":"post_tag","embeddable":true,"href":"https:\/\/gastronomidia.com.br\/2021\/wp-json\/wp\/v2\/tags?post=4179"}],"curies":[{"name":"wp","href":"https:\/\/api.w.org\/{rel}","templated":true}]}}