{"id":4064,"date":"2019-12-28T21:24:25","date_gmt":"2019-12-28T21:24:25","guid":{"rendered":"http:\/\/gastronomidia.com.br\/?p=4064"},"modified":"2019-12-28T21:24:25","modified_gmt":"2019-12-28T21:24:25","slug":"pudim-de-coco-com-maizena-da-vitarella-para-comecar-o-ano-novo","status":"publish","type":"post","link":"https:\/\/gastronomidia.com.br\/2021\/pudim-de-coco-com-maizena-da-vitarella-para-comecar-o-ano-novo\/uncategorized\/","title":{"rendered":"Pudim de coco com Maizena da Vitarella para come\u00e7ar o Ano Novo"},"content":{"rendered":"<p style=\"text-align: justify;\"><span style=\"font-size: 11.0pt; font-family: 'Arial','sans-serif';\">As ceias de fim de ano contam com pratos tradicionais e um dos preparos que n\u00e3o podem faltar s\u00e3o as deliciosas sobremesas, aguardadas durante toda a noite.<\/span><\/p>\n<p style=\"text-align: justify;\"><span style=\"font-size: 11.0pt; font-family: 'Arial','sans-serif';\">Confira como preparar o incr\u00edvel <strong><span style=\"font-family: 'Arial','sans-serif';\">Pudim de coco com Maizena<\/span><\/strong>, receita simples de fazer e que n\u00e3o pode ficar fora da ocasi\u00e3o!<\/span><\/p>\n<p><strong><span style=\"font-size: 11.0pt; font-family: 'Arial','sans-serif';\">Ingredientes:<\/span><\/strong><\/p>\n<p style=\"text-align: justify;\"><span style=\"font-size: 11.0pt; font-family: 'Arial','sans-serif';\">1 lata de leite condensado<br \/>\n2 caixinhas de creme de leite<br \/>\n100 g de maria-mole<br \/>\n400ml de \u00e1gua quente<br \/>\n1 pacote de <strong><span style=\"font-family: 'Arial','sans-serif';\">Biscoito Maizena Vitarella<\/span><\/strong><b><br \/>\n<\/b>\u00bd x\u00edcara de ch\u00e1 de leite<\/span><\/p>\n<p><u><span style=\"font-size: 11.0pt; font-family: 'Arial','sans-serif';\">Calda:<\/span><\/u><\/p>\n<p style=\"text-align: justify;\"><span style=\"font-size: 11.0pt; font-family: 'Arial','sans-serif';\">\u00bd x\u00edcara de ch\u00e1 de a\u00e7\u00facar<br \/>\n1\/3 x\u00edcara de ch\u00e1 de \u00e1gua<\/span><\/p>\n<p><strong><span style=\"font-size: 11.0pt; font-family: 'Arial','sans-serif';\">Modo de Preparo:<\/span><\/strong><\/p>\n<p style=\"text-align: justify;\"><span style=\"font-size: 11.0pt; font-family: 'Arial','sans-serif';\">&#8211; Comece pela calda para que ela esfrie antes de colocar a mistura do pudim na forma.<\/span><\/p>\n<p style=\"text-align: justify;\"><span style=\"font-size: 11.0pt; font-family: 'Arial','sans-serif';\">&#8211; Em uma panela disponha o a\u00e7\u00facar e a \u00e1gua e misture bem antes de levar ao fogo.<\/span><\/p>\n<p style=\"text-align: justify;\"><span style=\"font-size: 11.0pt; font-family: 'Arial','sans-serif';\">&#8211; Coloque a panela em fogo m\u00e9dio e deixe caramelizar procurando n\u00e3o mexer.<\/span><\/p>\n<p style=\"text-align: justify;\"><span style=\"font-size: 11.0pt; font-family: 'Arial','sans-serif';\">&#8211; Quando a calda atingir a cor \u00e2mbar, coloque-a na forma de pudim espalhando bem pelas laterais e pelo meio.<\/span><\/p>\n<p><u><span style=\"font-size: 11.0pt; font-family: 'Arial','sans-serif';\">Pudim:<\/span><\/u><\/p>\n<p style=\"text-align: justify;\"><span style=\"font-size: 11.0pt; font-family: 'Arial','sans-serif';\">&#8211; Dissolva a maria-mole em \u00e1gua quente e reserve.<\/span><\/p>\n<p style=\"text-align: justify;\"><span style=\"font-size: 11.0pt; font-family: 'Arial','sans-serif';\">&#8211; No liquidificador, junte o leite condensado, o creme de leite e a maria-mole dissolvida e bata at\u00e9 ficar homog\u00eaneo.<\/span><\/p>\n<p style=\"text-align: justify;\"><span style=\"font-size: 11.0pt; font-family: 'Arial','sans-serif';\">&#8211; Depois derrame a mistura do pudim na forma e leve para gelar por pelo menos 4 horas.<\/span><\/p>\n<p style=\"text-align: justify;\"><span style=\"font-size: 11.0pt; font-family: 'Arial','sans-serif';\">&#8211; Umede\u00e7a o biscoito no leite e cubra o pudim de biscoito, volte para geladeira por uns 30 minutos.<\/span><\/p>\n<p style=\"text-align: justify;\"><span style=\"font-size: 11.0pt; font-family: 'Arial','sans-serif';\">&#8211; Vire o pudim em um prato e sirva.<\/span><\/p>\n<p><strong><span style=\"font-size: 11.0pt; font-family: 'Arial','sans-serif';\">Sobre a Vitarella<\/span><\/strong><\/p>\n<p style=\"text-align: justify;\"><span style=\"font-size: 11.0pt; font-family: 'Arial','sans-serif';\">A Vitarella, marca l\u00edder no segmento de biscoitos no Brasil, foi fundada em 1993, em Jaboat\u00e3o dos Guararapes. Inicialmente focada na produ\u00e7\u00e3o de massas aliment\u00edcias, expandiu seu portf\u00f3lio e hoje possui mais de 150 produtos cadastrados e marcas como Treloso, Chocoresco, Delicit\u00e1, D-Tone, Bolinho, Margarina Namesa e Saltvip. Com produtos que unem sabor e qualidade, a marca \u00e9 uma das mais lembradas em pesquisas que destacam a opini\u00e3o dos consumidores.<\/span><\/p>\n<p>&nbsp;<\/p>\n<p>Fonte\/Cr\u00e9ditos: Assessoria<\/p>\n<hr \/>\n<p>Compartilhe este post com as pessoas em suas redes sociais e marque o perfil. Curta e siga o\u00a0@gastronomidiaoficial no\u00a0<a href=\"https:\/\/www.facebook.com\/gastronomidiaoficial\/\" target=\"_blank\" rel=\"noopener\"><strong>Facebook<\/strong><\/a>\u00a0ou no\u00a0<a href=\"https:\/\/www.instagram.com\/gastronomidiaoficial\/\" target=\"_blank\" rel=\"noopener\"><strong>Instagram<\/strong><\/a>.<\/p>\n<p>N\u00f3s tamb\u00e9m estamos no WhatsApp, adicione o nosso n\u00famero (11) 97725-5667 em seus contatos ou utilize este\u00a0<a href=\"http:\/\/bit.ly\/2JT7zDt\" target=\"_blank\" rel=\"noopener\"><strong>link<\/strong><\/a>\u00a0para falar com a gente.<\/p>\n<p style=\"text-align: justify;\"><span style=\"font-size: 11.0pt; font-family: 'Arial','sans-serif';\">\u00a0<\/span><\/p>\n","protected":false},"excerpt":{"rendered":"<p>As ceias de fim de ano contam com pratos tradicionais e um dos preparos que n\u00e3o podem faltar s\u00e3o as deliciosas sobremesas, aguardadas durante toda a noite. Confira como preparar o incr\u00edvel Pudim de coco com Maizena, receita simples de fazer e que n\u00e3o pode ficar fora da ocasi\u00e3o! Ingredientes: 1 lata de leite condensado &hellip;<\/p>\n","protected":false},"author":1,"featured_media":4066,"comment_status":"open","ping_status":"open","sticky":false,"template":"","format":"standard","meta":[],"categories":[127,381,100,1],"tags":[],"_links":{"self":[{"href":"https:\/\/gastronomidia.com.br\/2021\/wp-json\/wp\/v2\/posts\/4064"}],"collection":[{"href":"https:\/\/gastronomidia.com.br\/2021\/wp-json\/wp\/v2\/posts"}],"about":[{"href":"https:\/\/gastronomidia.com.br\/2021\/wp-json\/wp\/v2\/types\/post"}],"author":[{"embeddable":true,"href":"https:\/\/gastronomidia.com.br\/2021\/wp-json\/wp\/v2\/users\/1"}],"replies":[{"embeddable":true,"href":"https:\/\/gastronomidia.com.br\/2021\/wp-json\/wp\/v2\/comments?post=4064"}],"version-history":[{"count":1,"href":"https:\/\/gastronomidia.com.br\/2021\/wp-json\/wp\/v2\/posts\/4064\/revisions"}],"predecessor-version":[{"id":4067,"href":"https:\/\/gastronomidia.com.br\/2021\/wp-json\/wp\/v2\/posts\/4064\/revisions\/4067"}],"wp:featuredmedia":[{"embeddable":true,"href":"https:\/\/gastronomidia.com.br\/2021\/wp-json\/wp\/v2\/media\/4066"}],"wp:attachment":[{"href":"https:\/\/gastronomidia.com.br\/2021\/wp-json\/wp\/v2\/media?parent=4064"}],"wp:term":[{"taxonomy":"category","embeddable":true,"href":"https:\/\/gastronomidia.com.br\/2021\/wp-json\/wp\/v2\/categories?post=4064"},{"taxonomy":"post_tag","embeddable":true,"href":"https:\/\/gastronomidia.com.br\/2021\/wp-json\/wp\/v2\/tags?post=4064"}],"curies":[{"name":"wp","href":"https:\/\/api.w.org\/{rel}","templated":true}]}}