{"id":4028,"date":"2019-10-25T02:12:28","date_gmt":"2019-10-25T02:12:28","guid":{"rendered":"http:\/\/gastronomidia.com.br\/?p=4028"},"modified":"2019-10-25T02:12:28","modified_gmt":"2019-10-25T02:12:28","slug":"dia-do-macarrao-existe-e-e-comemorado-mundialmente","status":"publish","type":"post","link":"https:\/\/gastronomidia.com.br\/2021\/dia-do-macarrao-existe-e-e-comemorado-mundialmente\/eventos\/","title":{"rendered":"Dia do Macarr\u00e3o existe e \u00e9 comemorado mundialmente"},"content":{"rendered":"<p>No dia 25 de outubro \u00e9 comemorado o dia de uma das comidas mais antigas do mundo: o macarr\u00e3o. Gravatinha, achatado, com furo no meio, parafuso\u2026 existem mais de 100 tipos de massa e as combina\u00e7\u00f5es de molhos e acompanhamentos s\u00e3o infinitas. Confira duas receitas f\u00e1ceis da Alegra Foods, que levam carne su\u00edna no preparo e que podem ser servidas em qualquer ocasi\u00e3o:<\/p>\n<p>&nbsp;<\/p>\n<p><strong>Macarr\u00e3o com Pernil Alegra<\/strong><\/p>\n<p><em>Ingredientes:<\/em><\/p>\n<p>500g macarr\u00e3o rigatoni<\/p>\n<p>300g pernil Alegra mo\u00eddo<\/p>\n<p>400 g queijo mussarela<\/p>\n<p>100g queijo ralado<\/p>\n<p>300g de nata<\/p>\n<p>1 litro de leite<\/p>\n<p>150g de massa de tomate<\/p>\n<p>2 colheres de manteiga<\/p>\n<p>Sal a gosto<\/p>\n<p>Especiarias a gosto (alho, cebola, salsinha, cebolinha, noz moscada e pimenta)<\/p>\n<p>1 tomate<\/p>\n<p>\u00d3leo<\/p>\n<p>&nbsp;<\/p>\n<p><strong>Preparo: <\/strong>coloque o macarr\u00e3o em p\u00e9 em um recipiente. Corte o queijo em palitinhos e coloque dentro de cada macarr\u00e3o. Cubra tudo com o leite e deixe na geladeira at\u00e9 que o macarr\u00e3o amole\u00e7a e n\u00e3o precise ser cozido. Em seguida, bata no liquidificador o alho, a cebola, o tomate, a salsinha, a cebolinha, a pimenta e o \u00f3leo. <em><strong>DICA ALEGRA:<\/strong><\/em><em> Esse tempero pode ser deixado na geladeira para ser usado em todos os tipos de molhos.<\/em><\/p>\n<p>Em uma panela, derreta a manteiga e frite a cebola. Quando a cebola estiver bem frita, acrescente o tempero que foi batido no liquidificador e o pernil mo\u00eddo para fritar. Quando o pernil estiver bem fritinho, acrescente a massa de tomate. Em outra panela, derreta a manteiga, frite mais cebola e, quando estiver frita, acrescente o leite que foi usado para amolecer o macarr\u00e3o e mexa sem parar para n\u00e3o embolar. Quando ele ferver, acrescente a nata para engrossar o molho branco.<\/p>\n<p>No recipiente onde est\u00e1 o macarr\u00e3o, despeje o molho branco e por cima acrescente o molho vermelho com pernil Alegra. Coloque o queijo ralado por cima e leve ao forno pr\u00e9-aquecido a 180\u00ba por 15 minutos para gratinar. Sirva logo na sequ\u00eancia.<\/p>\n<p><img loading=\"lazy\" class=\"aligncenter  wp-image-4029\" src=\"http:\/\/gastronomidia.com.br\/2021\/wp-content\/uploads\/2019\/10\/carbonara-alegra-foods.jpg\" alt=\"\" width=\"653\" height=\"362\" srcset=\"https:\/\/gastronomidia.com.br\/2021\/wp-content\/uploads\/2019\/10\/carbonara-alegra-foods.jpg 1228w, https:\/\/gastronomidia.com.br\/2021\/wp-content\/uploads\/2019\/10\/carbonara-alegra-foods-300x166.jpg 300w, https:\/\/gastronomidia.com.br\/2021\/wp-content\/uploads\/2019\/10\/carbonara-alegra-foods-1170x649.jpg 1170w\" sizes=\"(max-width: 653px) 100vw, 653px\" \/><\/p>\n<p><strong>Macarr\u00e3o \u00e0 carbonara com bacon Alegra<\/strong><\/p>\n<p><em>Ingredientes:<\/em><\/p>\n<p>500g macarr\u00e3o espaguete<\/p>\n<p>300g bacon defumado Alegra<\/p>\n<p>1 pe\u00e7a de queijo camembert<\/p>\n<p>3 colheres de queijo parmes\u00e3o ralado<\/p>\n<p>Especiarias a gosto (pimenta, salsinha e cebolinha)<\/p>\n<p>Tomate japon\u00eas a gosto<\/p>\n<p>Sal a gosto<\/p>\n<p>4 ovos<\/p>\n<p>&nbsp;<\/p>\n<p><strong>Preparo: <\/strong>cozinhe o macarr\u00e3o e tempere com sal e pimenta. Para que o espaguete n\u00e3o grude, acrescente o \u00f3leo somente ap\u00f3s o cozimento. Frite o bacon e despeje no macarr\u00e3o j\u00e1 cozido. Na sequ\u00eancia, acrescente o parmes\u00e3o ralado e os ovos crus (como o macarr\u00e3o j\u00e1 est\u00e1 quente, ele mesmo ser\u00e1 o respons\u00e1vel pelo cozimento dos ovos).<\/p>\n<p><em><strong>DICA ALEGRA:<\/strong><\/em><em> o segredo \u00e9 fritar o bacon em chama baixa. Dessa forma ele solta bastante gordura e fica mais sequinho e crocante.\u00a0<\/em><\/p>\n<p>Em uma forma redonda, posicione o queijo camembert ao centro e coloque o macarr\u00e3o em volta. Coloque o tomate cereja, a salsinha e a cebolinha por cima do macarr\u00e3o e em seguida leve ao forno a 210\u00ba por 20 minutos. Sirva logo em sequ\u00eancia.<\/p>\n<p>&nbsp;<\/p>\n<p><em><strong>Sobre a Alegra<\/strong><\/em><strong><em><br \/>\n<\/em><\/strong><em>A ind\u00fastria de alimentos Alegra \u00e9 a uni\u00e3o das cooperativas de origem holandesa, Fr\u00edsia, Castrolanda e Capal, que constituem o grupo Unium. Uma empresa que combina condi\u00e7\u00f5es de trabalho ideais aliando tecnologia, equipamentos de \u00faltima gera\u00e7\u00e3o, preocupa\u00e7\u00e3o com o bem-estar dos animais e sustentabilidade em seu parque industrial, sempre primando pela excel\u00eancia em seu produto final, que utiliza as melhores carnes su\u00ednas.<\/em><\/p>\n<p><em>Em 2017, a marca conquistou o reconhecimento internacional quanto \u00e0s Pr\u00e1ticas de Bem-estar Animal no abate, tornando-se a primeira planta brasileira a receber essa certifica\u00e7\u00e3o em bem-estar su\u00edno, pela WQS. Mais informa\u00e7\u00f5es em <a href=\"http:\/\/www.alegrafoods.com.br\">www.alegrafoods.com.br<\/a>.<\/em><\/p>\n<p>&nbsp;<\/p>\n<p>Fonte\/Cr\u00e9ditos: Assessoria<\/p>\n<hr \/>\n<p>Compartilhe este post com as pessoas em suas redes sociais e marque o perfil. Curta e siga o\u00a0@gastronomidiaoficial no\u00a0<a href=\"https:\/\/www.facebook.com\/gastronomidiaoficial\/\" target=\"_blank\" rel=\"noopener\"><strong>Facebook<\/strong><\/a>\u00a0ou no\u00a0<a href=\"https:\/\/www.instagram.com\/gastronomidiaoficial\/\" target=\"_blank\" rel=\"noopener\"><strong>Instagram<\/strong><\/a>.<\/p>\n<p>N\u00f3s tamb\u00e9m estamos no WhatsApp, adicione o nosso n\u00famero (11) 97725-5667 em seus contatos ou utilize este\u00a0<a href=\"http:\/\/bit.ly\/2JT7zDt\" target=\"_blank\" rel=\"noopener\"><strong>link<\/strong><\/a>\u00a0para falar com a gente.<\/p>\n","protected":false},"excerpt":{"rendered":"<p>No dia 25 de outubro \u00e9 comemorado o dia de uma das comidas mais antigas do mundo: o macarr\u00e3o. Gravatinha, achatado, com furo no meio, parafuso\u2026 existem mais de 100 tipos de massa e as combina\u00e7\u00f5es de molhos e acompanhamentos s\u00e3o infinitas. Confira duas receitas f\u00e1ceis da Alegra Foods, que levam carne su\u00edna no preparo &hellip;<\/p>\n","protected":false},"author":1,"featured_media":4031,"comment_status":"open","ping_status":"open","sticky":false,"template":"","format":"standard","meta":[],"categories":[81,130,446],"tags":[796,531,644,795],"_links":{"self":[{"href":"https:\/\/gastronomidia.com.br\/2021\/wp-json\/wp\/v2\/posts\/4028"}],"collection":[{"href":"https:\/\/gastronomidia.com.br\/2021\/wp-json\/wp\/v2\/posts"}],"about":[{"href":"https:\/\/gastronomidia.com.br\/2021\/wp-json\/wp\/v2\/types\/post"}],"author":[{"embeddable":true,"href":"https:\/\/gastronomidia.com.br\/2021\/wp-json\/wp\/v2\/users\/1"}],"replies":[{"embeddable":true,"href":"https:\/\/gastronomidia.com.br\/2021\/wp-json\/wp\/v2\/comments?post=4028"}],"version-history":[{"count":3,"href":"https:\/\/gastronomidia.com.br\/2021\/wp-json\/wp\/v2\/posts\/4028\/revisions"}],"predecessor-version":[{"id":4033,"href":"https:\/\/gastronomidia.com.br\/2021\/wp-json\/wp\/v2\/posts\/4028\/revisions\/4033"}],"wp:featuredmedia":[{"embeddable":true,"href":"https:\/\/gastronomidia.com.br\/2021\/wp-json\/wp\/v2\/media\/4031"}],"wp:attachment":[{"href":"https:\/\/gastronomidia.com.br\/2021\/wp-json\/wp\/v2\/media?parent=4028"}],"wp:term":[{"taxonomy":"category","embeddable":true,"href":"https:\/\/gastronomidia.com.br\/2021\/wp-json\/wp\/v2\/categories?post=4028"},{"taxonomy":"post_tag","embeddable":true,"href":"https:\/\/gastronomidia.com.br\/2021\/wp-json\/wp\/v2\/tags?post=4028"}],"curies":[{"name":"wp","href":"https:\/\/api.w.org\/{rel}","templated":true}]}}