{"id":4024,"date":"2019-10-25T01:41:45","date_gmt":"2019-10-25T01:41:45","guid":{"rendered":"http:\/\/gastronomidia.com.br\/?p=4024"},"modified":"2019-10-25T01:41:45","modified_gmt":"2019-10-25T01:41:45","slug":"flores-fazem-parte-da-culinaria-deixando-tudo-mais-saudavel-e-alegre","status":"publish","type":"post","link":"https:\/\/gastronomidia.com.br\/2021\/flores-fazem-parte-da-culinaria-deixando-tudo-mais-saudavel-e-alegre\/gastronomia\/","title":{"rendered":"Flores fazem parte da culin\u00e1ria deixando tudo mais saud\u00e1vel e alegre"},"content":{"rendered":"<p>Flores\u00a0trazem beleza para qualquer jardim e perfumam o ambiente, mas o que pouca gente sabe \u00e9 que \u00e9 poss\u00edvel levar essa beleza para a mesa inclusive com muitas vantagens. Em saladas, sobremesas ou at\u00e9 no prato principal, as\u00a0flores\u00a0transformam o trivial em algo curioso e diferente e somam vantagens para a sa\u00fade.<\/p>\n<p>O professor e fitoterapeuta Daniel Alan Costa d\u00e1 aulas de fitoterapia e aponta algumas flores PANCs (Plantas Aliment\u00edcias N\u00e3o Convencionais),\u00a0que ajudam no funcionamento do organismo. \u201cO importante \u00e9 lembrar que essas\u00a0flores\u00a0devem ser pr\u00f3prias para consumo, ou seja, serem cultivadas no pr\u00f3prio jardim ou de um fornecedor que produza para\u00a0alimenta\u00e7\u00e3o, sem agrot\u00f3xicos. As\u00a0flores\u00a0de floricultura n\u00e3o s\u00e3o comest\u00edveis por crescerem com o uso de produtos qu\u00edmicos\u201d, alerta o especialista.<\/p>\n<p>O hibisco e a capuchinha s\u00e3o exemplos de\u00a0flores\u00a0funcionais que podem ir direto do jardim para a mesa. Elas ajudam na preven\u00e7\u00e3o de doen\u00e7as por serem ricas em vitaminas A e C. Al\u00e9m disso, s\u00e3o formas naturais que ajudam a reduzir a gordura corporal e a reten\u00e7\u00e3o de l\u00edquidos. \u201cO hibisco tamb\u00e9m \u00e9 antioxidante e retarda o envelhecimento precoce e a capuchinha melhora o funcionamento do f\u00edgado\u201d, explica Daniel. A capuchinha\u00a0apresenta colora\u00e7\u00e3o amarela, laranja ou avermelhada, e confere um sabor levemente apimentado, j\u00e1 o hibisco tem o sabor adocicado.<\/p>\n<p>Para abusar da cor e deixar todos curiosos para experimentar, a sugest\u00e3o \u00e9 usar p\u00e9talas de girassol. \u201cN\u00e3o t\u00eam sabor, por isso podem ser usadas tanto em pratos doces quanto em salgados\u201d, conta Daniel. S\u00e3o ricas em vitamina A, al\u00e9m de beta\u00edna e fitosterina, que funcionam como enzimas e ajudam na digest\u00e3o. O professor d\u00e1 dica de cobrir o arroz integral com as p\u00e9talas, o que colore e enfeita, al\u00e9m de acrescentar essas propriedades ao prato simples.<\/p>\n<p>Al\u00e9m de um belo buqu\u00ea, a rosa e a minirrosa tamb\u00e9m rendem pratos lindos. Com gosto adocicado, a p\u00e9tala de rosa pode ser usada para fazer azeite e o bot\u00e3o da minirrosa pode ser servido na salada, acompanhado de tomate cereja e minimussarela de b\u00fafala. \u201cFica um prato lindo, com bolinhas brancas, p\u00e9talas e bot\u00e3o de minirrosa, al\u00e9m de ser uma op\u00e7\u00e3o relaxante j\u00e1 que a rosa tem propriedade calmante\u201d, brinca Daniel.<\/p>\n<p>A cal\u00eandula apresenta tom amarelado ou laranja, por conta disto, tem um teor maior de carotenoides. Suas p\u00e9talas podem ser usadas para compor receitas variadas, indo de pratos quentes como omeletes e arroz, at\u00e9 preparos frios como iogurtes e frozen. Segundo Daniel, essa\u00a0flor\u00a0tem alta propriedade anti-inflamat\u00f3ria e ajuda no processo digestivo tamb\u00e9m.<\/p>\n<p>Outra flor facilmente encontrada e muitas vezes considerada at\u00e9 como mato \u00e9 o dente-de-le\u00e3o. Tanto na salada quanto no suco ele pode ser usado para dar o efeito detox, al\u00e9m de deixar o prato com mais vida pela sua colora\u00e7\u00e3o amarela bem viva.<\/p>\n<p>Com pratos cheios de cor e com fun\u00e7\u00f5es nutricionais, \u00e9 s\u00f3 usar a imagina\u00e7\u00e3o para criar receitas diferentes e alegres. Al\u00e9m dessas, Daniel d\u00e1 dicas de outras\u00a0flores\u00a0que s\u00e3o comest\u00edveis e deixam qualquer mesa mais atraente. Amor-perfeito, borago, brinco de princesa, cris\u00e2ntemo, l\u00edrio, erva-doce, cravo da \u00edndia, alcaparra,\u00a0flor\u00a0de ab\u00f3bora, maria sem vergonha, primavera e tulipa s\u00e3o outros exemplos de\u00a0flores\u00a0para a culin\u00e1ria. \u201c\u00c9 preciso ter muito cuidado com a proced\u00eancia das\u00a0flores\u00a0para saber se s\u00e3o realmente pr\u00f3prias para o consumo\u201d, ressalta o professor.<\/p>\n<p>Fonte\/Cr\u00e9ditos: Assessoria<\/p>\n<hr \/>\n<p>Compartilhe este post com as pessoas em suas redes sociais e marque o perfil. Curta e siga o\u00a0@gastronomidiaoficial no\u00a0<a href=\"https:\/\/www.facebook.com\/gastronomidiaoficial\/\" target=\"_blank\" rel=\"noopener\"><strong>Facebook<\/strong><\/a>\u00a0ou no\u00a0<a href=\"https:\/\/www.instagram.com\/gastronomidiaoficial\/\" target=\"_blank\" rel=\"noopener\"><strong>Instagram<\/strong><\/a>.<\/p>\n<p>N\u00f3s tamb\u00e9m estamos no WhatsApp, adicione o nosso n\u00famero (11) 97725-5667 em seus contatos ou utilize este\u00a0<a href=\"http:\/\/bit.ly\/2JT7zDt\" target=\"_blank\" rel=\"noopener\"><strong>link<\/strong><\/a>\u00a0para falar com a gente.<\/p>\n","protected":false},"excerpt":{"rendered":"<p>Flores\u00a0trazem beleza para qualquer jardim e perfumam o ambiente, mas o que pouca gente sabe \u00e9 que \u00e9 poss\u00edvel levar essa beleza para a mesa inclusive com muitas vantagens. Em saladas, sobremesas ou at\u00e9 no prato principal, as\u00a0flores\u00a0transformam o trivial em algo curioso e diferente e somam vantagens para a sa\u00fade. O professor e fitoterapeuta &hellip;<\/p>\n","protected":false},"author":1,"featured_media":4025,"comment_status":"open","ping_status":"open","sticky":false,"template":"","format":"standard","meta":[],"categories":[136,130,381],"tags":[187,794,121,424],"_links":{"self":[{"href":"https:\/\/gastronomidia.com.br\/2021\/wp-json\/wp\/v2\/posts\/4024"}],"collection":[{"href":"https:\/\/gastronomidia.com.br\/2021\/wp-json\/wp\/v2\/posts"}],"about":[{"href":"https:\/\/gastronomidia.com.br\/2021\/wp-json\/wp\/v2\/types\/post"}],"author":[{"embeddable":true,"href":"https:\/\/gastronomidia.com.br\/2021\/wp-json\/wp\/v2\/users\/1"}],"replies":[{"embeddable":true,"href":"https:\/\/gastronomidia.com.br\/2021\/wp-json\/wp\/v2\/comments?post=4024"}],"version-history":[{"count":2,"href":"https:\/\/gastronomidia.com.br\/2021\/wp-json\/wp\/v2\/posts\/4024\/revisions"}],"predecessor-version":[{"id":4027,"href":"https:\/\/gastronomidia.com.br\/2021\/wp-json\/wp\/v2\/posts\/4024\/revisions\/4027"}],"wp:featuredmedia":[{"embeddable":true,"href":"https:\/\/gastronomidia.com.br\/2021\/wp-json\/wp\/v2\/media\/4025"}],"wp:attachment":[{"href":"https:\/\/gastronomidia.com.br\/2021\/wp-json\/wp\/v2\/media?parent=4024"}],"wp:term":[{"taxonomy":"category","embeddable":true,"href":"https:\/\/gastronomidia.com.br\/2021\/wp-json\/wp\/v2\/categories?post=4024"},{"taxonomy":"post_tag","embeddable":true,"href":"https:\/\/gastronomidia.com.br\/2021\/wp-json\/wp\/v2\/tags?post=4024"}],"curies":[{"name":"wp","href":"https:\/\/api.w.org\/{rel}","templated":true}]}}