{"id":3992,"date":"2019-10-08T19:01:53","date_gmt":"2019-10-08T19:01:53","guid":{"rendered":"http:\/\/gastronomidia.com.br\/?p=3992"},"modified":"2019-10-08T20:32:29","modified_gmt":"2019-10-08T20:32:29","slug":"lor-lanca-blend-inspirado-nas-colinas-do-sul-da-india","status":"publish","type":"post","link":"https:\/\/gastronomidia.com.br\/2021\/lor-lanca-blend-inspirado-nas-colinas-do-sul-da-india\/novidades\/","title":{"rendered":"L&#8217;OR lan\u00e7a blend inspirado nas colinas do sul da \u00cdndia"},"content":{"rendered":"<p>L\u00b4OR, marca premium de caf\u00e9, anuncia a chegada de seu novo blend L\u00b4OR India, que promete uma experi\u00eancia \u00fanica e especial aos apaixonados por caf\u00e9s. \u00cdndia \u00e9 o \u00fanico blend da linha Origens com sabor ousado, prazeroso e poderoso, proporcionando um equil\u00edbrio perfeito de aromas e sabores, pensados cuidadosamente para oferecer uma bebida de qualidade e marcante.<\/p>\n<p>As cores vivas e as terras convidativas de Karnataka s\u00e3o capturadas no caf\u00e9. O blend L\u2019OR India \u00e9 poderoso e com delicadas notas apimentadas e frutadas que evocam os cheiros e prazeres dos bazares locais, combinados com ousados sabores de caramelo escuro e cacau que transportam voc\u00ea para as colinas do sul da \u00cdndia, onde esses gr\u00e3os s\u00e3o cultivados.<\/p>\n<p>A linha Origens ainda conta com os blends Papua New Guinea, um espresso cl\u00e1ssico com notas de am\u00eandoas torradas e um estilo floral inspirador, e Colombia, um espresso encorpado e com personalidade forte.<\/p>\n<p>Descubra a sofistica\u00e7\u00e3o de L\u00b4OR \u00cdndia, j\u00e1 dispon\u00edvel em todos os supermercados do Pa\u00eds.<\/p>\n<p><strong>Sobre L\u2019OR<\/strong><\/p>\n<p>Nascida na Fran\u00e7a com a ambi\u00e7\u00e3o de tornar-se a principal refer\u00eancia em caf\u00e9 premium no mundo. Seguindo a inova\u00e7\u00e3o, em 2010 L\u2019OR foi a primeira marca a lan\u00e7ar sua c\u00e1psula compat\u00edvel para extra\u00e7\u00e3o em m\u00e1quina de caf\u00e9 Nespresso\u00ae*. Em 2017, L\u2019OR chega ao Brasil para liderar um novo momento de caf\u00e9s premium no varejo ao apresentar o Padr\u00e3o Ouro em Caf\u00e9 para as categorias Torrado e Mo\u00eddo, C\u00e1psulas em Alum\u00ednio, Sol\u00favel e Gr\u00e3os para Espresso, dispon\u00edveis em g\u00f4ndolas de supermercados<\/p>\n<p>&nbsp;<\/p>\n<p>Fonte\/Cr\u00e9ditos: Assessoria<\/p>\n<hr \/>\n<p>Compartilhe este post com as pessoas em suas redes sociais e marque o perfil. Curta e siga o\u00a0@gastronomidiaoficial no\u00a0<a href=\"https:\/\/www.facebook.com\/gastronomidiaoficial\/\" target=\"_blank\" rel=\"noopener\"><strong>Facebook<\/strong><\/a>\u00a0ou no\u00a0<a href=\"https:\/\/www.instagram.com\/gastronomidiaoficial\/\" target=\"_blank\" rel=\"noopener\"><strong>Instagram<\/strong><\/a>.<\/p>\n<p>N\u00f3s tamb\u00e9m estamos no WhatsApp, adicione o nosso n\u00famero (11) 97725-5667 em seus contatos ou utilize este\u00a0<a href=\"http:\/\/bit.ly\/2JT7zDt\" target=\"_blank\" rel=\"noopener\"><strong>link<\/strong><\/a>\u00a0para falar com a gente.<\/p>\n","protected":false},"excerpt":{"rendered":"<p>L\u00b4OR, marca premium de caf\u00e9, anuncia a chegada de seu novo blend L\u00b4OR India, que promete uma experi\u00eancia \u00fanica e especial aos apaixonados por caf\u00e9s. \u00cdndia \u00e9 o \u00fanico blend da linha Origens com sabor ousado, prazeroso e poderoso, proporcionando um equil\u00edbrio perfeito de aromas e sabores, pensados cuidadosamente para oferecer uma bebida de qualidade &hellip;<\/p>\n","protected":false},"author":1,"featured_media":3993,"comment_status":"open","ping_status":"open","sticky":false,"template":"","format":"standard","meta":[],"categories":[158,127,95,94,446],"tags":[443,775,776],"_links":{"self":[{"href":"https:\/\/gastronomidia.com.br\/2021\/wp-json\/wp\/v2\/posts\/3992"}],"collection":[{"href":"https:\/\/gastronomidia.com.br\/2021\/wp-json\/wp\/v2\/posts"}],"about":[{"href":"https:\/\/gastronomidia.com.br\/2021\/wp-json\/wp\/v2\/types\/post"}],"author":[{"embeddable":true,"href":"https:\/\/gastronomidia.com.br\/2021\/wp-json\/wp\/v2\/users\/1"}],"replies":[{"embeddable":true,"href":"https:\/\/gastronomidia.com.br\/2021\/wp-json\/wp\/v2\/comments?post=3992"}],"version-history":[{"count":2,"href":"https:\/\/gastronomidia.com.br\/2021\/wp-json\/wp\/v2\/posts\/3992\/revisions"}],"predecessor-version":[{"id":4000,"href":"https:\/\/gastronomidia.com.br\/2021\/wp-json\/wp\/v2\/posts\/3992\/revisions\/4000"}],"wp:featuredmedia":[{"embeddable":true,"href":"https:\/\/gastronomidia.com.br\/2021\/wp-json\/wp\/v2\/media\/3993"}],"wp:attachment":[{"href":"https:\/\/gastronomidia.com.br\/2021\/wp-json\/wp\/v2\/media?parent=3992"}],"wp:term":[{"taxonomy":"category","embeddable":true,"href":"https:\/\/gastronomidia.com.br\/2021\/wp-json\/wp\/v2\/categories?post=3992"},{"taxonomy":"post_tag","embeddable":true,"href":"https:\/\/gastronomidia.com.br\/2021\/wp-json\/wp\/v2\/tags?post=3992"}],"curies":[{"name":"wp","href":"https:\/\/api.w.org\/{rel}","templated":true}]}}