{"id":3983,"date":"2019-10-05T17:23:12","date_gmt":"2019-10-05T17:23:12","guid":{"rendered":"http:\/\/gastronomidia.com.br\/?p=3983"},"modified":"2019-10-05T17:23:12","modified_gmt":"2019-10-05T17:23:12","slug":"cervejaria-walfanger-lanca-cerveja-sazonal-oktoberfest","status":"publish","type":"post","link":"https:\/\/gastronomidia.com.br\/2021\/cervejaria-walfanger-lanca-cerveja-sazonal-oktoberfest\/midia\/","title":{"rendered":"Cervejaria Walf\u00e4nger lan\u00e7a cerveja sazonal Oktoberfest"},"content":{"rendered":"<p style=\"text-align: justify;\">Seguindo a tradi\u00e7\u00e3o da Oktoberfest, maior festa cervejeira da Alemanha, a Cervejaria Walf\u00e4nger produziu um lote especial comemorativo ao evento. A cerveja Oktoberfest ser\u00e1 lan\u00e7ada oficialmente no Esquenta Oktoberfest, evento que ser\u00e1 realizado neste s\u00e1bado (dia 5), simultaneamente, nas unidades da Walf\u00e4nger em Bonfim Paulista e Franca.<\/p>\n<p style=\"text-align: justify;\">De edi\u00e7\u00e3o limitada, a\u00a0Oktoberfest\u00a0\u00e9 uma cerveja estilo M\u00e4rzen, de cor \u00e2mbar clara, refrescante e f\u00e1cil de beber, t\u00edpica para ser consumida em festas. Com teor alco\u00f3lico de 5.6% e 24 IBU, \u00e9 ideal para ser servida entre 4 e 9\u00b0C.<\/p>\n<p style=\"text-align: justify;\">\u201cComo cervejaria t\u00edpica alem\u00e3, seguimos a tradi\u00e7\u00e3o e produzimos esse estilo comemorativo \u00e0 festa, que no ano passado teve sua primeira edi\u00e7\u00e3o e foi um sucesso. Esperamos repetir a dose neste ano\u201d, diz Caio Balieiro, s\u00f3cio-diretor da Cervejaria Walf\u00e4nger, referindo-se \u00e0 Oktoberfest Ribeir\u00e3o, que ser\u00e1 realizada de 25 a 27 de outubro, na \u00e1rea externa \u00e0 Arena Eurobike.<\/p>\n<p style=\"text-align: justify;\"><strong>Pr\u00e9-festa<\/strong><\/p>\n<p style=\"text-align: justify;\">Para o lan\u00e7amento de uma cerveja festiva como a M\u00e4rzen, a Walf\u00e4nger promove o Esquenta Oktoberfest em suas unidades de Franca e Bonfim Paulista neste s\u00e1bado (dia 5), das 12h \u00e0s 16h.<\/p>\n<p style=\"text-align: justify;\">Para acompanhar os chopes artesanais da cervejaria, os participantes poder\u00e3o se servir \u00e0 vontade do menu do Churrasco Alem\u00e3o, composto por mix de salsichas alem\u00e3s, burger, Eisbein (joelho de porco), panceta, arroz com am\u00eandoas e salada.<\/p>\n<p style=\"text-align: justify;\">Em Bonfim Paulista, a festa ser\u00e1 comandada pelo Rock da banda Insane Trip e em Franca, pelo\u00a0 Samba\/Samba-rock de Nando Lopes e Cristiano Freitas. Assim como ocorre na Alemanha, em que\u00a0a Oktoberfest \u00e9 um evento para a fam\u00edlia, o Esquenta tamb\u00e9m \u00e9 e contar\u00e1 com um espa\u00e7o kids especialmente projetado para a divers\u00e3o da crian\u00e7ada.<\/p>\n<p style=\"text-align: justify;\">Os ingressos custam R$ 49,90 e est\u00e3o sendo vendidos exclusivamente no site Eventbrite, nos links <a href=\"https:\/\/bit.ly\/2mM19k8?fbclid=IwAR3YTMQGW7xGvOalPlO7G2ZX3tg97xnDfW-K8UL6wkzMcV3ZJSeyqinBcCw\">http:\/\/bit.ly\/2mM19k8<\/a> (Bonfim Paulista) e <a href=\"https:\/\/bit.ly\/2orkXJX?fbclid=IwAR2tNPaztjZgy0iDYHZXy13AIY90xvm17uRcUCIT9hqVz-n6iEcJBmwVDN0\">http:\/\/bit.ly\/2orkXJX<\/a> (Franca). As bebidas ser\u00e3o cobradas \u00e0 parte.<\/p>\n<p style=\"text-align: justify;\"><strong>Servi\u00e7o<\/strong><\/p>\n<p style=\"text-align: justify;\"><strong>Esquenta\u00a0Oktoberfest <\/strong><\/p>\n<p style=\"text-align: justify;\"><strong>Dia 05 de outubro<\/strong><\/p>\n<p style=\"text-align: justify;\"><strong>Cervejaria Walf\u00e4nger Ribeir\u00e3o<\/strong> \u2013 Rua Carlos Ribeiro de Souza, 115, Bonfim Paulista.<\/p>\n<p style=\"text-align: justify;\"><strong>Cervejaria Walf\u00e4nger Franca<\/strong> \u2013 Complexo Galo Branco \u2013 Avenida Dr. Antonio Barbosa Filho, 111, Franca.<\/p>\n<p style=\"text-align: justify;\"><strong>Ingressos<\/strong>: R$ 49,90 pelo site Eventbrite, nos links <a href=\"https:\/\/bit.ly\/2mM19k8?fbclid=IwAR3YTMQGW7xGvOalPlO7G2ZX3tg97xnDfW-K8UL6wkzMcV3ZJSeyqinBcCw\">http:\/\/bit.ly\/2mM19k8<\/a> (Bonfim Paulista) e <a href=\"https:\/\/bit.ly\/2orkXJX?fbclid=IwAR2tNPaztjZgy0iDYHZXy13AIY90xvm17uRcUCIT9hqVz-n6iEcJBmwVDN0\">http:\/\/bit.ly\/2orkXJX<\/a> (Franca).<\/p>\n<p style=\"text-align: justify;\"><strong>Informa\u00e7\u00f5es:<\/strong> (16) 3325-3660<\/p>\n<p>Fonte\/Cr\u00e9ditos: Assessoria<\/p>\n<hr \/>\n<p>Compartilhe este post com as pessoas em suas redes sociais e marque o perfil. Curta e siga o\u00a0@gastronomidiaoficial no\u00a0<a href=\"https:\/\/www.facebook.com\/gastronomidiaoficial\/\" target=\"_blank\" rel=\"noopener\"><strong>Facebook<\/strong><\/a>\u00a0ou no\u00a0<a href=\"https:\/\/www.instagram.com\/gastronomidiaoficial\/\" target=\"_blank\" rel=\"noopener\"><strong>Instagram<\/strong><\/a>.<\/p>\n<p>N\u00f3s tamb\u00e9m estamos no WhatsApp, adicione o nosso n\u00famero (11) 97725-5667 em seus contatos ou utilize este\u00a0<a href=\"http:\/\/bit.ly\/2JT7zDt\" target=\"_blank\" rel=\"noopener\"><strong>link<\/strong><\/a>\u00a0para falar com a gente.<\/p>\n<p style=\"text-align: justify;\">\n","protected":false},"excerpt":{"rendered":"<p>Seguindo a tradi\u00e7\u00e3o da Oktoberfest, maior festa cervejeira da Alemanha, a Cervejaria Walf\u00e4nger produziu um lote especial comemorativo ao evento. A cerveja Oktoberfest ser\u00e1 lan\u00e7ada oficialmente no Esquenta Oktoberfest, evento que ser\u00e1 realizado neste s\u00e1bado (dia 5), simultaneamente, nas unidades da Walf\u00e4nger em Bonfim Paulista e Franca. De edi\u00e7\u00e3o limitada, a\u00a0Oktoberfest\u00a0\u00e9 uma cerveja estilo M\u00e4rzen, &hellip;<\/p>\n","protected":false},"author":1,"featured_media":3984,"comment_status":"open","ping_status":"open","sticky":false,"template":"","format":"standard","meta":[],"categories":[158,99,130,95,381,446],"tags":[639,769,771,770,772],"_links":{"self":[{"href":"https:\/\/gastronomidia.com.br\/2021\/wp-json\/wp\/v2\/posts\/3983"}],"collection":[{"href":"https:\/\/gastronomidia.com.br\/2021\/wp-json\/wp\/v2\/posts"}],"about":[{"href":"https:\/\/gastronomidia.com.br\/2021\/wp-json\/wp\/v2\/types\/post"}],"author":[{"embeddable":true,"href":"https:\/\/gastronomidia.com.br\/2021\/wp-json\/wp\/v2\/users\/1"}],"replies":[{"embeddable":true,"href":"https:\/\/gastronomidia.com.br\/2021\/wp-json\/wp\/v2\/comments?post=3983"}],"version-history":[{"count":1,"href":"https:\/\/gastronomidia.com.br\/2021\/wp-json\/wp\/v2\/posts\/3983\/revisions"}],"predecessor-version":[{"id":3985,"href":"https:\/\/gastronomidia.com.br\/2021\/wp-json\/wp\/v2\/posts\/3983\/revisions\/3985"}],"wp:featuredmedia":[{"embeddable":true,"href":"https:\/\/gastronomidia.com.br\/2021\/wp-json\/wp\/v2\/media\/3984"}],"wp:attachment":[{"href":"https:\/\/gastronomidia.com.br\/2021\/wp-json\/wp\/v2\/media?parent=3983"}],"wp:term":[{"taxonomy":"category","embeddable":true,"href":"https:\/\/gastronomidia.com.br\/2021\/wp-json\/wp\/v2\/categories?post=3983"},{"taxonomy":"post_tag","embeddable":true,"href":"https:\/\/gastronomidia.com.br\/2021\/wp-json\/wp\/v2\/tags?post=3983"}],"curies":[{"name":"wp","href":"https:\/\/api.w.org\/{rel}","templated":true}]}}