{"id":3979,"date":"2019-10-03T15:02:58","date_gmt":"2019-10-03T15:02:58","guid":{"rendered":"http:\/\/gastronomidia.com.br\/?p=3979"},"modified":"2019-10-03T15:02:58","modified_gmt":"2019-10-03T15:02:58","slug":"the-black-bulldog-comemora-quatro-anos-e-reinaugura-espaco","status":"publish","type":"post","link":"https:\/\/gastronomidia.com.br\/2021\/the-black-bulldog-comemora-quatro-anos-e-reinaugura-espaco\/novidades\/","title":{"rendered":"The Black Bulldog comemora quatro anos e reinaugura espa\u00e7o"},"content":{"rendered":"<p>A hamburgueria ribeir\u00e3o-pretana The Black Bulldog comemora em outubro quatro anos de atividade com o objetivo de proporcionar uma experi\u00eancia de gastronomia \u00fanica para seus clientes. E pensando em oferecer um ambiente ainda mais prazeroso, a casa reinaugura hoje (03\/10) o seu espa\u00e7o no Boulevard, zona Sul de Ribeir\u00e3o Preto.<\/p>\n<p>\u201cCom a reforma, vamos oferecer mais conforto para quem vem apreciar nossos burguers. A inten\u00e7\u00e3o \u00e9 que nossos clientes vivam uma experi\u00eancia completa, que come\u00e7a ao entrar na hamburgueria, com um ambiente aconchegante e est\u00e9tica aut\u00eantica, e vai at\u00e9 a degusta\u00e7\u00e3o de burguers \u2018de responsa\u2019, com 95% dos ingredientes feitos na casa\u201d, explica Rafael Loureiro, propriet\u00e1rio da The Black Bulldog.<\/p>\n<p>O preparo artesanal de quase todos os ingredientes \u00e9 o principal diferencial da hamburgueria. \u201cFazemos o p\u00e3o, o bacon, a maionese e o vinagre; s\u00f3 n\u00e3o produzimos as hortali\u00e7as e o queijo, que \u00e9 o cheddar ingl\u00eas original Joseph Heler. Hoje, as pessoas est\u00e3o mais preocupadas com o que elas comem, por isso, tudo aqui \u00e9 bastante selecionado para proporcionar um sabor inesquec\u00edvel\u201d, ressalta Loureiro.<\/p>\n<p>Ele \u00e9 o criador de todas as receitas. Formado em Arquitetura e Urbanismo, resolveu empreender na \u00e1rea de food service em 2015 e transformou o hobby de fazer \u2018hamburgadas\u2019 para a fam\u00edlia em um neg\u00f3cio. \u201cSou bastante curioso, gosto de inventar. Minha inten\u00e7\u00e3o \u00e9 sempre criar um v\u00ednculo da comida com a pessoa que vem ao restaurante\u201d, diz.<\/p>\n<p>Al\u00e9m dos burguers, os clientes j\u00e1 se tornaram f\u00e3s dos acompanhamentos exclusivos da casa, como a garlic fries, uma por\u00e7\u00e3o generosa de batata frita e alhos assados.<\/p>\n<p>A noite de reinaugura\u00e7\u00e3o ter\u00e1 muito rock, folk e blues com a participa\u00e7\u00e3o especial da banda Train Folk. Para a festa ficar ainda mais especial, a hamburgueria vai apoiar uma institui\u00e7\u00e3o: levando um item de higiene pessoal para doa\u00e7\u00e3o, o cliente ganha 20% de desconto em qualquer burguer do card\u00e1pio.<\/p>\n<p>A The Black Bulldog est\u00e1 localizada na rua Sete de Setembro, 2010, e funciona de segunda-feira a domingo, das 18h \u00e0 0h<\/p>\n<p>Fonte\/Cr\u00e9ditos: Assessoria<\/p>\n<hr \/>\n<p>Compartilhe este post com as pessoas em suas redes sociais e marque o perfil. Curta e siga o\u00a0@gastronomidiaoficial no\u00a0<a href=\"https:\/\/www.facebook.com\/gastronomidiaoficial\/\" target=\"_blank\" rel=\"noopener\"><strong>Facebook<\/strong><\/a>\u00a0ou no\u00a0<a href=\"https:\/\/www.instagram.com\/gastronomidiaoficial\/\" target=\"_blank\" rel=\"noopener\"><strong>Instagram<\/strong><\/a>.<\/p>\n<p>N\u00f3s tamb\u00e9m estamos no WhatsApp, adicione o nosso n\u00famero (11) 97725-5667 em seus contatos ou utilize este\u00a0<a href=\"http:\/\/bit.ly\/2JT7zDt\" target=\"_blank\" rel=\"noopener\"><strong>link<\/strong><\/a>\u00a0para falar com a gente.<\/p>\n","protected":false},"excerpt":{"rendered":"<p>A hamburgueria ribeir\u00e3o-pretana The Black Bulldog comemora em outubro quatro anos de atividade com o objetivo de proporcionar uma experi\u00eancia de gastronomia \u00fanica para seus clientes. E pensando em oferecer um ambiente ainda mais prazeroso, a casa reinaugura hoje (03\/10) o seu espa\u00e7o no Boulevard, zona Sul de Ribeir\u00e3o Preto. \u201cCom a reforma, vamos oferecer &hellip;<\/p>\n","protected":false},"author":1,"featured_media":3981,"comment_status":"open","ping_status":"open","sticky":false,"template":"","format":"standard","meta":[],"categories":[130,276,95,381,94,446],"tags":[768,320,658,767],"_links":{"self":[{"href":"https:\/\/gastronomidia.com.br\/2021\/wp-json\/wp\/v2\/posts\/3979"}],"collection":[{"href":"https:\/\/gastronomidia.com.br\/2021\/wp-json\/wp\/v2\/posts"}],"about":[{"href":"https:\/\/gastronomidia.com.br\/2021\/wp-json\/wp\/v2\/types\/post"}],"author":[{"embeddable":true,"href":"https:\/\/gastronomidia.com.br\/2021\/wp-json\/wp\/v2\/users\/1"}],"replies":[{"embeddable":true,"href":"https:\/\/gastronomidia.com.br\/2021\/wp-json\/wp\/v2\/comments?post=3979"}],"version-history":[{"count":2,"href":"https:\/\/gastronomidia.com.br\/2021\/wp-json\/wp\/v2\/posts\/3979\/revisions"}],"predecessor-version":[{"id":3982,"href":"https:\/\/gastronomidia.com.br\/2021\/wp-json\/wp\/v2\/posts\/3979\/revisions\/3982"}],"wp:featuredmedia":[{"embeddable":true,"href":"https:\/\/gastronomidia.com.br\/2021\/wp-json\/wp\/v2\/media\/3981"}],"wp:attachment":[{"href":"https:\/\/gastronomidia.com.br\/2021\/wp-json\/wp\/v2\/media?parent=3979"}],"wp:term":[{"taxonomy":"category","embeddable":true,"href":"https:\/\/gastronomidia.com.br\/2021\/wp-json\/wp\/v2\/categories?post=3979"},{"taxonomy":"post_tag","embeddable":true,"href":"https:\/\/gastronomidia.com.br\/2021\/wp-json\/wp\/v2\/tags?post=3979"}],"curies":[{"name":"wp","href":"https:\/\/api.w.org\/{rel}","templated":true}]}}