{"id":3955,"date":"2019-09-25T01:54:53","date_gmt":"2019-09-25T01:54:53","guid":{"rendered":"http:\/\/gastronomidia.com.br\/?p=3955"},"modified":"2019-09-25T01:54:53","modified_gmt":"2019-09-25T01:54:53","slug":"almoco-mineiro-integra-programacao-da-20a-feira-da-bondade-em-indaiatuba","status":"publish","type":"post","link":"https:\/\/gastronomidia.com.br\/2021\/almoco-mineiro-integra-programacao-da-20a-feira-da-bondade-em-indaiatuba\/midia\/","title":{"rendered":"Almo\u00e7o Mineiro integra programa\u00e7\u00e3o da 20\u00aa Feira da Bondade em Indaiatuba"},"content":{"rendered":"<p><em>Evento da APAE Indaiatuba, que iniciou no dia 19, segue esta semana com atra\u00e7\u00f5es culturais e feira de variedades<\/p>\n<p><\/em>A <a href=\"https:\/\/www.serbomfazbem.com.br\/\">20\u00aa Feira da Bondade<\/a> continua nesta quinta-feira, 26, com a segunda semana de programa\u00e7\u00e3o. O evento promovido pela <a href=\"http:\/\/www.apaeindaiatuba.org.br\/\">APAE Indaiatuba<\/a>, que come\u00e7ou no dia 19 deste m\u00eas, vai at\u00e9 o dia 29, no Pavilh\u00e3o da Viber, em Indaiatuba (SP). Entre as atra\u00e7\u00f5es dos pr\u00f3ximos dias est\u00e3o o Almo\u00e7o Mineiro, apresenta\u00e7\u00f5es da dan\u00e7a e de coral e a tradicional feira de variedades.<\/p>\n<p>Os apreciadores da gastronomia de Minas Gerais poder\u00e3o desfrutar de um menu especial neste domingo, 29, a partir das 12h. O <strong>Almo\u00e7o Mineiro<\/strong>, que ser\u00e1 realizado pela segunda vez na Feira, contar\u00e1 com self service de tutu de feij\u00e3o, torresmo, banana a milasena, couve, farofa e pratos preparados com lingui\u00e7a e pernil, dentre outras op\u00e7\u00f5es. Todo menu \u00e9 assinado por Terezinha Coragem. Os interessados em adquirir os convites do almo\u00e7o devem entrar em contato pelo (19) 3801 8898, o valor \u00e9 R$ 36 por pessoa e crian\u00e7as de 7 a 12 anos pagam meia.<\/p>\n<p>Outras op\u00e7\u00f5es ainda estar\u00e3o dispon\u00edveis, como pratos t\u00edpicos italianos, japoneses e mexicanos, doces portugueses, lanches, past\u00e9is, pratos \u00e0 base de milho, crepes, churros e caf\u00e9s especiais. Entre as entidades e restaurantes que integram a pra\u00e7a de alimenta\u00e7\u00e3o est\u00e3o: Cirva (Centro de Integra\u00e7\u00e3o Reabilita\u00e7\u00e3o e Viv\u00eancia dos Autistas), Volacc (Volunt\u00e1rias de Apoio no Combate ao C\u00e2ncer), Rotary Club de Indaiatuba, Grupo Escoteiro P\u00e9rola Negra, Don Ram\u00f3n, Canadian Steak House, Butiquim do Ga\u00facho e Disk Cerveja do Alem\u00e3o.<\/p>\n<p><strong>ATRA\u00c7\u00d5ES<\/strong> A feira de variedades segue com artigos de artesanato, quadros, roupas, cal\u00e7ados, bolsas, acess\u00f3rios, queijos, geleias, doces, embutidos, bonecas realistas, tapetes, cosm\u00e9ticos e plantas \u2013 inclusive, um espa\u00e7o para exposi\u00e7\u00e3o de orqu\u00eddeas, tudo com pre\u00e7o mais acess\u00edvel. Entre os 70 expositores desta edi\u00e7\u00e3o, est\u00e3o: Eva Maria, Picorruchos Moda Infantil, Tal M\u00e3e Tal Filha e Arezzo.<\/p>\n<p>Os visitantes tamb\u00e9m poder\u00e3o conferir v\u00e1rias apresenta\u00e7\u00f5es culturais. A Secretaria de Cultura de Indaiatuba marca presen\u00e7a com seis coreografias em ballet cl\u00e1ssico e jazz. A Viva Escola de Dan\u00e7a, por sua vez, levar\u00e1 n\u00fameros de dan\u00e7a em hip hop, jazz, ballet e dan\u00e7a de sal\u00e3o. J\u00e1 a APAE Indaiatuba realizar\u00e1 um tributo a Michael Jackson e o espet\u00e1culo de dan\u00e7a Noite das Ar\u00e1bias.<\/p>\n<p>Al\u00e9m disso, o Funssol Indaiatuba (Fundo Social de Solidariedade) participar\u00e1 da feira com apresenta\u00e7\u00e3o do grupo Dan\u00e7a da Terceira Idade. Para a crian\u00e7ada, um Espa\u00e7o Kids, de 240 m\u00b2, com personagens vivos, piscina de bolinhas e brinquedos infl\u00e1veis.<\/p>\n<p>Para animar o s\u00e1bado, 28, a dupla Layza &amp; Matheus Reis promete tocar muito sertanejo, tanto universit\u00e1rio, quanto raiz, misturando alguns hits do momento de outros ritmos musicais. Os jovens m\u00fasicos de Indaiatuba iniciaram a carreira juntos este ano, embora j\u00e1 tivessem certa experi\u00eancia no meio musical. No setlist, artistas como Gusttavo Lima, Z\u00e9 Neto &amp; Cristiano, Mar\u00edlia Mendon\u00e7a, Wesley Safad\u00e3o e Bruno &amp; Marrone.<\/p>\n<p><strong>PRIMEIRA SEMANA<\/strong> A 20\u00aa Feira da Bondade teve in\u00edcio no dia 19 e a programa\u00e7\u00e3o foi marcada por muita dan\u00e7a, com a Secretaria Municipal de Cultura, a Galp\u00e3o 1 Academia de Dan\u00e7a e o Est\u00fadio em Cena, entre outros. No domingo, 22, aconteceu o 1\u00ba Encontro de Carros e Motos com os grupos Clube do Fusca, Federados Moto Clube, Opalas Amigos, Putos Brothers Moto Bar e Hellcats Car Club. Em paralelo, shows ao vivo com as bandas Overloud, Classic \u2018N Rock e Tr\u00f3ia.<\/p>\n<p><strong>FUNCIONAMENTO<\/strong> O hor\u00e1rio de visita\u00e7\u00e3o, do dia 26 a 29, ser\u00e1 das 10h \u00e0s 22h. O estacionamento \u00e9 aberto e gratuito durante todo evento. A entrada solid\u00e1ria custa R$ 2 e ser\u00e1 totalmente revertida \u00e0 entidade. O evento disponibiliza Wi-Fi todos os dias, bastando conectar-se \u00e0 rede e realizar um check-in no evento Feira da Bondade.\u00a0A 20\u00aa Feira da Bondade tem patroc\u00ednio de Rip Kaefer, Top\u00e1zio Cinemas, McDonald&#8217;s, Claris Portas e Janelas e ICRH, Disk Cerveja do Alem\u00e3o, Baruke Im\u00f3veis, Cebi Brasil, HAOC, Monark e Sesoma, al\u00e9m de apoio da Prefeitura Municipal de Indaiatuba. O Pavilh\u00e3o da Viber est\u00e1 localizado \u00e0 avenida Almirante Tamandar\u00e9, 675, no bairro Cidade Nova II &#8211; Indaiatuba (SP). Mais informa\u00e7\u00f5es pelo telefone (19) 3801 8899 ou pelo WhatsApp no n\u00famero (19) 99189 3158.<\/p>\n<p><strong>FEIRA DA BONDADE<\/strong> A iniciativa j\u00e1 \u00e9 uma tradi\u00e7\u00e3o da APAE, por\u00e9m, em Indaiatuba foi retomada, em Indaiatuba, em 1999. Atualmente, \u00e9 um dos destaques do calend\u00e1rio oficial do munic\u00edpio, como um evento tur\u00edstico. Ao longo de sua realiza\u00e7\u00e3o, movimenta empresas, com\u00e9rcios, ind\u00fastrias e entidades beneficentes n\u00e3o s\u00f3 da cidade, bem como da regi\u00e3o e de outros estados do pa\u00eds.<\/p>\n<p>Diferente de anos anteriores, em que a Feira acontecia no m\u00eas de novembro, a 20\u00aa edi\u00e7\u00e3o est\u00e1 sendo realizada este m\u00eas, em fun\u00e7\u00e3o da reforma pela qual passar\u00e1 o Pavilh\u00e3o da Viber \u2013 local do evento \u2013, com previs\u00e3o de entrega para 2020. Em contrapartida, a programa\u00e7\u00e3o \u2013 que costumava se distribuir em tr\u00eas dias \u2013 ganhou oito dias, com atra\u00e7\u00f5es de quinta a domingo.<\/p>\n<p>PROGRAMA\u00c7\u00c3O DISPON\u00cdVEL <a href=\"https:\/\/www.serbomfazbem.com.br\/#programacao\">AQUI\u00a0<\/a><\/p>\n<p><strong>SERVI\u00c7O<\/p>\n<p><\/strong><strong>20\u00aa Feira da Bondade<br \/>\n<\/strong><br \/>\nData: de 26 a 29 de setembro<br \/>\nHor\u00e1rio: das 10h \u00e0s 22h<br \/>\nIngresso solid\u00e1rio: R$ 2 (pagamento em dinheiro)<br \/>\nLocal: avenida Almirante Tamandar\u00e9, 675, bairro Cidade Nova II &#8211; Indaiatuba (SP) \u2013 <a href=\"https:\/\/goo.gl\/maps\/4sb6KWiND2Z3yN8f6\">MAPA AQUI<\/a><\/p>\n<p>Estacionamento gratuito<br \/>\nInforma\u00e7\u00f5es: (19) 3801 8899 | (19) 99189 3158<br \/>\n<a href=\"mailto:eventos.apae@terra.com.br\">eventos.apae@terra.com.br<\/a><\/p>\n<p>Site <strong><a href=\"http:\/\/www.apaeindaiatuba.org.br\">www.apaeindaiatuba.org.br<\/a><br \/>\n<\/strong>Facebook <strong>apaeindaiatuba.sp<br \/>\n<\/strong>Instagram <strong>apae.indaiatuba<br \/>\n<\/strong>Hotsite <strong><a href=\"http:\/\/www.serbomfazbem.com.br\">www.serbomfazbem.com.br<\/a><\/p>\n<p><\/strong><\/p>\n<p>Fonte\/Cr\u00e9ditos: Assessoria<\/p>\n<hr \/>\n<p>Compartilhe este post com as pessoas em suas redes sociais e marque o perfil. Curta e siga o\u00a0@gastronomidiaoficial no\u00a0<a href=\"https:\/\/www.facebook.com\/gastronomidiaoficial\/\" target=\"_blank\" rel=\"noopener\"><strong>Facebook<\/strong><\/a>\u00a0ou no\u00a0<a href=\"https:\/\/www.instagram.com\/gastronomidiaoficial\/\" target=\"_blank\" rel=\"noopener\"><strong>Instagram<\/strong><\/a>.<\/p>\n<p>N\u00f3s tamb\u00e9m estamos no WhatsApp, adicione o nosso n\u00famero (11) 97725-5667 em seus contatos ou utilize este\u00a0<a href=\"http:\/\/bit.ly\/2JT7zDt\" target=\"_blank\" rel=\"noopener\"><strong>link<\/strong><\/a>\u00a0para falar com a gente.<\/p>\n<p><strong>\u00a0<\/strong><\/p>\n","protected":false},"excerpt":{"rendered":"<p>Evento da APAE Indaiatuba, que iniciou no dia 19, segue esta semana com atra\u00e7\u00f5es culturais e feira de variedades A 20\u00aa Feira da Bondade continua nesta quinta-feira, 26, com a segunda semana de programa\u00e7\u00e3o. O evento promovido pela APAE Indaiatuba, que come\u00e7ou no dia 19 deste m\u00eas, vai at\u00e9 o dia 29, no Pavilh\u00e3o da &hellip;<\/p>\n","protected":false},"author":1,"featured_media":3956,"comment_status":"open","ping_status":"open","sticky":false,"template":"","format":"standard","meta":[],"categories":[130,95,446],"tags":[758,502,220,757],"_links":{"self":[{"href":"https:\/\/gastronomidia.com.br\/2021\/wp-json\/wp\/v2\/posts\/3955"}],"collection":[{"href":"https:\/\/gastronomidia.com.br\/2021\/wp-json\/wp\/v2\/posts"}],"about":[{"href":"https:\/\/gastronomidia.com.br\/2021\/wp-json\/wp\/v2\/types\/post"}],"author":[{"embeddable":true,"href":"https:\/\/gastronomidia.com.br\/2021\/wp-json\/wp\/v2\/users\/1"}],"replies":[{"embeddable":true,"href":"https:\/\/gastronomidia.com.br\/2021\/wp-json\/wp\/v2\/comments?post=3955"}],"version-history":[{"count":2,"href":"https:\/\/gastronomidia.com.br\/2021\/wp-json\/wp\/v2\/posts\/3955\/revisions"}],"predecessor-version":[{"id":3958,"href":"https:\/\/gastronomidia.com.br\/2021\/wp-json\/wp\/v2\/posts\/3955\/revisions\/3958"}],"wp:featuredmedia":[{"embeddable":true,"href":"https:\/\/gastronomidia.com.br\/2021\/wp-json\/wp\/v2\/media\/3956"}],"wp:attachment":[{"href":"https:\/\/gastronomidia.com.br\/2021\/wp-json\/wp\/v2\/media?parent=3955"}],"wp:term":[{"taxonomy":"category","embeddable":true,"href":"https:\/\/gastronomidia.com.br\/2021\/wp-json\/wp\/v2\/categories?post=3955"},{"taxonomy":"post_tag","embeddable":true,"href":"https:\/\/gastronomidia.com.br\/2021\/wp-json\/wp\/v2\/tags?post=3955"}],"curies":[{"name":"wp","href":"https:\/\/api.w.org\/{rel}","templated":true}]}}