{"id":3926,"date":"2019-09-11T13:19:33","date_gmt":"2019-09-11T13:19:33","guid":{"rendered":"http:\/\/gastronomidia.com.br\/?p=3926"},"modified":"2019-09-11T13:19:33","modified_gmt":"2019-09-11T13:19:33","slug":"em-sao-roque-alegra-se-os-vivos-com-o-vinho-dos-mortos","status":"publish","type":"post","link":"https:\/\/gastronomidia.com.br\/2021\/em-sao-roque-alegra-se-os-vivos-com-o-vinho-dos-mortos\/negocios\/","title":{"rendered":"Em S\u00e3o Roque alegra-se os vivos com o vinho dos mortos"},"content":{"rendered":"<p style=\"text-align: center;\" align=\"center\"><i><span style=\"font-family: 'Arial','sans-serif';\">Evento na Quinta do Olivardo \u00e9 recheado de cores e sabores onde se desfruta dos deliciosos pratos da gastronomia portuguesa ao som de bel\u00edssimos fados<\/span><\/i><\/p>\n<p style=\"text-align: justify;\"><span style=\"font-size: 11.0pt; font-family: 'Arial','sans-serif';\">Localizada em S\u00e3o Roque, a adega e restaurante Quinta do Olivardo, realiza todo terceiro s\u00e1bado do m\u00eas o jantar do Vinho dos Mortos. No evento os participantes podem enterrar uma garrafa de vinho, preenchendo uma ficha informando o lote e a data em que a garrafa foi enterrada. Ap\u00f3s 6 meses eles s\u00e3o avisados sobre a data do pr\u00f3ximo jantar do vinho dos mortos e voltam para desenterrar a garrafa.<\/span><\/p>\n<p style=\"text-align: justify;\"><span style=\"font-size: 11.0pt; font-family: 'Arial','sans-serif';\">Para deixar o ambiente no clima das casas do s\u00e9culo XIX, o local fica iluminado apenas com tochas e velas, onde os visitantes tamb\u00e9m podem desfrutar do servi\u00e7o de restaurante e apreciar cl\u00e1ssicos da m\u00fasica portuguesa com a interpreta\u00e7\u00e3o ao vivo de uma fadista.<\/span><\/p>\n<p style=\"text-align: justify;\"><span style=\"font-size: 11.0pt; font-family: 'Arial','sans-serif';\">\u00a0A pr\u00e1tica surgiu em Portugal no ano de 1807, quando o pa\u00eds foi invadido pelas tropas de Napole\u00e3o Bonaparte, levando os portugueses a enterrarem seus bens, incluindo garrafas de vinho. Posteriormente, com a sa\u00edda dos soldados franceses, os lusitanos recuperaram suas propriedades e desenterraram os vinhos.<\/span><\/p>\n<p style=\"text-align: justify;\"><span style=\"font-size: 11.0pt; font-family: 'Arial','sans-serif';\">\u00a0Embora esperassem encontrar a bebida estragada, foram surpreendidos pelo sabor real\u00e7ado.\u00a0Surgiu da\u00ed a express\u00e3o \u201cvinhos dos mortos\u201d. \u201cO vinho dos mortos que alegra os vivos\u201d, diz Olivardo Saqui, propriet\u00e1rio do restaurante que resgata essa parte da hist\u00f3ria.<\/span><\/p>\n<p style=\"text-align: justify;\"><span style=\"font-size: 11.0pt; font-family: 'Arial','sans-serif';\">\u00a0O clima serrano, a natureza envolvente e exuberante, o ambiente acolhedor, um bom vinho, um bom fado, a gastronomia inspirada na Ilha da Madeira, perfumados bolinhos de bacalhau saindo da cozinha, pratos com sabores inigual\u00e1veis e a simpatia de Olivardo e de seus funcion\u00e1rios recebendo os visitantes, fazem da Quinta do Olivardo uma op\u00e7\u00e3o de passeio para se guardar na mem\u00f3ria.<\/p>\n<p><\/span><strong><u><span style=\"font-size: 11.0pt; font-family: 'Arial','sans-serif';\">SERVI\u00c7O<\/span><\/u><\/strong><\/p>\n<p style=\"text-align: justify;\"><strong><span style=\"font-size: 11.0pt; font-family: 'Arial','sans-serif';\">Jantar do Vinho dos Mortos<\/span><\/strong><\/p>\n<p style=\"text-align: justify;\"><strong><span style=\"font-size: 11.0pt; font-family: 'Arial','sans-serif';\">Onde:<\/span><\/strong><span style=\"font-size: 11.0pt; font-family: 'Arial','sans-serif';\"> Estrada do Vinho, km 4, com acesso pelo km 58,5 da Rodovia Raposo Tavares (SP-270)<\/span><\/p>\n<p style=\"text-align: justify;\"><strong><span style=\"font-size: 11.0pt; font-family: 'Arial','sans-serif';\">Quando:\u00a0 <\/span><\/strong><span style=\"font-size: 11.0pt; font-family: 'Arial','sans-serif';\">Todo terceiro s\u00e1bado do m\u00eas<\/span><\/p>\n<p style=\"text-align: justify;\"><strong><span style=\"font-size: 11.0pt; font-family: 'Arial','sans-serif';\">Hor\u00e1rio:<\/span><\/strong><span style=\"font-size: 11.0pt; font-family: 'Arial','sans-serif';\"> a partir das 20h<\/span><\/p>\n<p style=\"text-align: justify;\"><span style=\"font-size: 11.0pt; font-family: 'Arial','sans-serif';\">Reservas pelo telefone (11) 4711-1100 ou (11) 97088-5401<\/span><\/p>\n<p style=\"text-align: justify;\"><span style=\"font-size: 11.0pt; font-family: 'Arial','sans-serif';\">Mais informa\u00e7\u00f5es: <a href=\"http:\/\/www.quintadoolivardo.com.br\">www.quintadoolivardo.com.br<\/a><\/span><\/p>\n<p>&nbsp;<\/p>\n<p>Fonte\/Cr\u00e9ditos: Assessoria<\/p>\n<hr \/>\n<p>Compartilhe este post com as pessoas em suas redes sociais e marque o perfil. Curta e siga o\u00a0@gastronomidiaoficial no\u00a0<a href=\"https:\/\/www.facebook.com\/gastronomidiaoficial\/\" target=\"_blank\" rel=\"noopener\"><strong>Facebook<\/strong><\/a>\u00a0ou no\u00a0<a href=\"https:\/\/www.instagram.com\/gastronomidiaoficial\/\" target=\"_blank\" rel=\"noopener\"><strong>Instagram<\/strong><\/a>.<\/p>\n<p>N\u00f3s tamb\u00e9m estamos no WhatsApp, adicione o nosso n\u00famero (11) 97725-5667 em seus contatos ou utilize este\u00a0<a href=\"http:\/\/bit.ly\/2JT7zDt\" target=\"_blank\" rel=\"noopener\"><strong>link<\/strong><\/a>\u00a0para falar com a gente.<\/p>\n","protected":false},"excerpt":{"rendered":"<p>Evento na Quinta do Olivardo \u00e9 recheado de cores e sabores onde se desfruta dos deliciosos pratos da gastronomia portuguesa ao som de bel\u00edssimos fados Localizada em S\u00e3o Roque, a adega e restaurante Quinta do Olivardo, realiza todo terceiro s\u00e1bado do m\u00eas o jantar do Vinho dos Mortos. No evento os participantes podem enterrar uma &hellip;<\/p>\n","protected":false},"author":1,"featured_media":3927,"comment_status":"open","ping_status":"open","sticky":false,"template":"","format":"standard","meta":[],"categories":[158,130,129,446],"tags":[743,240,82,78],"_links":{"self":[{"href":"https:\/\/gastronomidia.com.br\/2021\/wp-json\/wp\/v2\/posts\/3926"}],"collection":[{"href":"https:\/\/gastronomidia.com.br\/2021\/wp-json\/wp\/v2\/posts"}],"about":[{"href":"https:\/\/gastronomidia.com.br\/2021\/wp-json\/wp\/v2\/types\/post"}],"author":[{"embeddable":true,"href":"https:\/\/gastronomidia.com.br\/2021\/wp-json\/wp\/v2\/users\/1"}],"replies":[{"embeddable":true,"href":"https:\/\/gastronomidia.com.br\/2021\/wp-json\/wp\/v2\/comments?post=3926"}],"version-history":[{"count":3,"href":"https:\/\/gastronomidia.com.br\/2021\/wp-json\/wp\/v2\/posts\/3926\/revisions"}],"predecessor-version":[{"id":3931,"href":"https:\/\/gastronomidia.com.br\/2021\/wp-json\/wp\/v2\/posts\/3926\/revisions\/3931"}],"wp:featuredmedia":[{"embeddable":true,"href":"https:\/\/gastronomidia.com.br\/2021\/wp-json\/wp\/v2\/media\/3927"}],"wp:attachment":[{"href":"https:\/\/gastronomidia.com.br\/2021\/wp-json\/wp\/v2\/media?parent=3926"}],"wp:term":[{"taxonomy":"category","embeddable":true,"href":"https:\/\/gastronomidia.com.br\/2021\/wp-json\/wp\/v2\/categories?post=3926"},{"taxonomy":"post_tag","embeddable":true,"href":"https:\/\/gastronomidia.com.br\/2021\/wp-json\/wp\/v2\/tags?post=3926"}],"curies":[{"name":"wp","href":"https:\/\/api.w.org\/{rel}","templated":true}]}}