{"id":3904,"date":"2019-09-09T04:30:25","date_gmt":"2019-09-09T04:30:25","guid":{"rendered":"http:\/\/gastronomidia.com.br\/?p=3904"},"modified":"2019-09-09T04:30:25","modified_gmt":"2019-09-09T04:30:25","slug":"san-paolo-oferece-sabores-especiais-em-seu-cardapio-para-setembro","status":"publish","type":"post","link":"https:\/\/gastronomidia.com.br\/2021\/san-paolo-oferece-sabores-especiais-em-seu-cardapio-para-setembro\/novidades\/","title":{"rendered":"San Paolo oferece sabores especiais em seu card\u00e1pio para setembro"},"content":{"rendered":"<p style=\"text-align: center;\" align=\"center\"><i><span style=\"font-family: 'Arial','sans-serif';\">Gelateria t\u00eam dois gelatos exclusivos em setembro: Nutella com Biscoito Briejer e Morango com Leite Condensado<\/span><\/i><\/p>\n<p style=\"text-align: justify;\"><span style=\"font-size: 11.0pt; font-family: 'Arial','sans-serif';\">Setembro chegou e com ele a esta\u00e7\u00e3o mais florida do ano: a primavera. Dias mais quentes e agrad\u00e1veis merecem um\u00a0gelato para comemorar. Por isso, a San Paolo trouxe dois novos sabores exclusivos para este m\u00eas.<\/span><\/p>\n<p style=\"text-align: justify;\"><span style=\"font-size: 11.0pt; font-family: 'Arial','sans-serif';\">O gelato de Nutella ganha uma edi\u00e7\u00e3o deliciosa com o famoso biscoito Briejer: a uni\u00e3o perfeita entre o crocante do biscoito e a cremosidade do gelato, finalizado com uma saborosa calda de Nutella. O segundo sabor \u00e9 o de Morango com Leite Condensado: feito com a pr\u00f3pria fruta, o sabor tem recheio de\u00a0leite\u00a0condensado com geleia de fior de fragola, em um delicado equil\u00edbrio de doce e azedo, que vai surpreender o paladar.\u00a0<\/span><\/p>\n<p style=\"text-align: justify;\"><span style=\"font-size: 11.0pt; font-family: 'Arial','sans-serif';\">\u201cOs sabores exclusivos de cada m\u00eas s\u00e3o\u00a0escolhidos a dedo, n\u00f3s pensamos especialmente em cada um deles e optamos por aqueles que casam melhor com aquele momento. A op\u00e7\u00e3o de destaque para o nosso card\u00e1pio \u00e9 para agradar, cuidadosamente, a todos os gostos dos nossos clientes\u201d, conta Jo\u00e3o Gouveia, s\u00f3cio da marca.\u00a0\u00a0\u00a0\u00a0<\/span><\/p>\n<p style=\"text-align: justify;\"><span style=\"font-size: 11.0pt; font-family: 'Arial','sans-serif';\">O card\u00e1pio da San Paolo \u00e9 completo e proporciona uma experi\u00eancia incr\u00edvel de sabores. A casa oferece duas formas de consumo de gelato: o Semplice , uma vers\u00e3o tradicional em que o cliente seleciona seus tr\u00eas sabores favoritos de gelato e o Delizie , em que se escolhe um sabor\u00a0gelato para misturar com os mixes na pedra fria resultando em\u00a0um incr\u00edvel sabor personalizado. O menu \u00e9 composto tamb\u00e9m por outros itens deliciosos, como o petit Ggateau, milk shake, chocolate quente, diferentes caf\u00e9s e o shake de caf\u00e9, feito com caf\u00e9 e um sabor de\u00a0gelato escolhido pelo cliente.<\/p>\n<p><\/span><\/p>\n<p style=\"text-align: justify;\"><strong><span style=\"font-size: 11.0pt; font-family: 'Arial','sans-serif';\">Sobre a San Paolo<\/span><\/strong><\/p>\n<p style=\"text-align: justify;\"><span style=\"font-size: 11.0pt; font-family: 'Arial','sans-serif';\">Fundada em 2012, a San Paolo Gelato foi a primeira gelateria no Brasil que desenvolveu a personaliza\u00e7\u00e3o\u00a0do gelato em uma pedra fria misturando, ingredientes variados\u00a0escolhidos pelo cliente. O card\u00e1pio conta com 27 sabores diferentes de gelato, al\u00e9m de ter mais 40 op\u00e7\u00f5es de mixes para criar incr\u00edveis combina\u00e7\u00f5es. A rede possui 29 unidades espalhadas pelo Brasil, nos estados do Par\u00e1, Maranh\u00e3o, Piau\u00ed, Cear\u00e1, Pernambuco, Bahia e S\u00e3o Paulo. Ainda este ano, contar\u00e1 com mais duas unidades no estado do Rio Grande do Norte.<\/p>\n<p><\/span><\/p>\n<p style=\"text-align: justify;\"><strong><span style=\"font-size: 11.0pt; font-family: 'Arial','sans-serif';\">SERVI\u00c7O<\/span><\/strong><\/p>\n<p style=\"text-align: justify;\"><span style=\"font-size: 11.0pt; font-family: 'Arial','sans-serif';\">San Paolo Gelato<\/span><\/p>\n<p style=\"text-align: justify;\"><span style=\"font-size: 11.0pt; font-family: 'Arial','sans-serif';\">Endere\u00e7o: Rua Haddock Lobo, 1260 &#8211; Jardins<\/span><\/p>\n<p style=\"text-align: justify;\"><span style=\"font-size: 11.0pt; font-family: 'Arial','sans-serif';\">Funcionamento: domingo \u00e0 quinta &#8211; 10h \u00e0 00h \/ sexta e s\u00e1bado &#8211; 10h \u00e0 01h<\/span><\/p>\n<p style=\"text-align: justify;\"><span style=\"font-size: 11.0pt; font-family: 'Arial','sans-serif';\"><a href=\"https:\/\/www.sanpaologelato.com.br\/\">https:\/\/www.sanpaologelato.com.br\/<\/a><\/span><\/p>\n<p>&nbsp;<\/p>\n<p>Fonte\/Cr\u00e9ditos: Assessoria<\/p>\n<hr \/>\n<p>Compartilhe este post com as pessoas em suas redes sociais e marque o perfil. Curta e siga o\u00a0@gastronomidiaoficial no\u00a0<a href=\"https:\/\/www.facebook.com\/gastronomidiaoficial\/\" target=\"_blank\" rel=\"noopener\"><strong>Facebook<\/strong><\/a>\u00a0ou no\u00a0<a href=\"https:\/\/www.instagram.com\/gastronomidiaoficial\/\" target=\"_blank\" rel=\"noopener\"><strong>Instagram<\/strong><\/a>.<\/p>\n<p>N\u00f3s tamb\u00e9m estamos no WhatsApp, adicione o nosso n\u00famero (11) 97725-5667 em seus contatos ou utilize este\u00a0<a href=\"http:\/\/bit.ly\/2JT7zDt\" target=\"_blank\" rel=\"noopener\"><strong>link<\/strong><\/a>\u00a0para falar com a gente.<\/p>\n","protected":false},"excerpt":{"rendered":"<p>Gelateria t\u00eam dois gelatos exclusivos em setembro: Nutella com Biscoito Briejer e Morango com Leite Condensado Setembro chegou e com ele a esta\u00e7\u00e3o mais florida do ano: a primavera. Dias mais quentes e agrad\u00e1veis merecem um\u00a0gelato para comemorar. Por isso, a San Paolo trouxe dois novos sabores exclusivos para este m\u00eas. O gelato de Nutella &hellip;<\/p>\n","protected":false},"author":1,"featured_media":3905,"comment_status":"open","ping_status":"open","sticky":false,"template":"","format":"standard","meta":[],"categories":[99,130,127,95,94,446],"tags":[729,731,730,432,728],"_links":{"self":[{"href":"https:\/\/gastronomidia.com.br\/2021\/wp-json\/wp\/v2\/posts\/3904"}],"collection":[{"href":"https:\/\/gastronomidia.com.br\/2021\/wp-json\/wp\/v2\/posts"}],"about":[{"href":"https:\/\/gastronomidia.com.br\/2021\/wp-json\/wp\/v2\/types\/post"}],"author":[{"embeddable":true,"href":"https:\/\/gastronomidia.com.br\/2021\/wp-json\/wp\/v2\/users\/1"}],"replies":[{"embeddable":true,"href":"https:\/\/gastronomidia.com.br\/2021\/wp-json\/wp\/v2\/comments?post=3904"}],"version-history":[{"count":2,"href":"https:\/\/gastronomidia.com.br\/2021\/wp-json\/wp\/v2\/posts\/3904\/revisions"}],"predecessor-version":[{"id":3907,"href":"https:\/\/gastronomidia.com.br\/2021\/wp-json\/wp\/v2\/posts\/3904\/revisions\/3907"}],"wp:featuredmedia":[{"embeddable":true,"href":"https:\/\/gastronomidia.com.br\/2021\/wp-json\/wp\/v2\/media\/3905"}],"wp:attachment":[{"href":"https:\/\/gastronomidia.com.br\/2021\/wp-json\/wp\/v2\/media?parent=3904"}],"wp:term":[{"taxonomy":"category","embeddable":true,"href":"https:\/\/gastronomidia.com.br\/2021\/wp-json\/wp\/v2\/categories?post=3904"},{"taxonomy":"post_tag","embeddable":true,"href":"https:\/\/gastronomidia.com.br\/2021\/wp-json\/wp\/v2\/tags?post=3904"}],"curies":[{"name":"wp","href":"https:\/\/api.w.org\/{rel}","templated":true}]}}