{"id":3888,"date":"2019-08-31T16:52:19","date_gmt":"2019-08-31T16:52:19","guid":{"rendered":"http:\/\/gastronomidia.com.br\/?p=3888"},"modified":"2019-08-31T16:52:19","modified_gmt":"2019-08-31T16:52:19","slug":"em-acao-inedita-nissin-lamen-cria-miojo-com-sabor-universal","status":"publish","type":"post","link":"https:\/\/gastronomidia.com.br\/2021\/em-acao-inedita-nissin-lamen-cria-miojo-com-sabor-universal\/novidades\/","title":{"rendered":"Em a\u00e7\u00e3o in\u00e9dita, Nissin L\u00e1men cria Miojo com sabor universal"},"content":{"rendered":"<div class=\"post-gallery\"><\/div>\n<div class=\"the-content\">\n<p><strong><i>Edi\u00e7\u00e3o especial limitad\u00edssima estar\u00e1 \u00e0 venda somente dia 31 de agosto, no Extra Anhanguera, em S\u00e3o Paulo. O pre\u00e7o ser\u00e1 o mesmo j\u00e1 praticado para a linha Nissin L\u00e1men. Em nova campanha da marca, presidente volta a atuar e tem como desafio criar um sabor de l\u00e1men que agrade a todos<\/i><\/strong><\/p>\n<div>\n<p>Para os brasileiros, n\u00e3o existem regras quando o assunto \u00e9 Miojo e as redes sociais mostram isso todos os dias. Novas receitas s\u00e3o criadas e registradas diariamente. E tem para todos os gostos: com salsicha, requeij\u00e3o, tomate, queijo, pedacinhos de frango, uma infinidade de toques pessoais.<\/p>\n<p>Inspirada pelas receitas recebidas diariamente nas redes sociais da NISSIN FOODS DO BRASIL, a\u00a0<strong>NISSIN<\/strong>\u00a0lan\u00e7a uma nova campanha, criada pela\u00a0<strong>Dentsu Brasil<\/strong>, sobre o \u201cnovo sabor\u201d: Nissin L\u00e1men Sabor Universal. O \u00fanico l\u00e1men no mundo capaz de agradar a todos os gostos, ou seja, um macarr\u00e3o sem o sach\u00ea de tempero que combina com tudo. Esta \u00e9 a primeira vez na hist\u00f3ria da empresa que o produto sai da f\u00e1brica com embalagens transparentes e sem os sach\u00eas ou elementos gr\u00e1ficos indicativos de sabor. Um verdadeiro convite \u00e0 criatividade do brasileiro que, segundo estimativa da WINA (World Instant Noodles Association), consumiu 2.3 milh\u00f5es de por\u00e7\u00f5es de macarr\u00e3o instant\u00e2neo em 2018. O Brasil \u00e9 o 10\u00ba maior consumidor de macarr\u00e3o Instant\u00e2neo do Mundo.<\/p>\n<p>\u201cPesquisas nos mostram o quanto o consumidor incrementa o nosso produto, assim surgiu o insight para a nova campanha. Criamos o Nissin L\u00e1men sabor universal que vai ao encontro do desejo do consumidor de criar o seu pr\u00f3prio miojo e estamos muito felizes com isso\u201d, afirma Gabriela Prud\u00eancio, gerente de Marca da NISSIN FOODS DO BRASIL.<\/p>\n<p>\u201cCom o Sabor Universal, falamos sobre ir al\u00e9m, sobre pensar n\u00e3o apenas no conceito e nas pe\u00e7as de uma campanha, mas criar algo que nunca havia sido feito nesses 60 anos da marca. Por isso, desenvolvemos com a Nissin esse \u201csabor \u00fanico\u201d. Nosso insight partiu do comportamento do pr\u00f3prio brasileiro, que ama o Miojo e leva diariamente para as redes sociais suas cria\u00e7\u00f5es. Acreditamos que os neg\u00f3cios se movem de acordo com as mudan\u00e7as dos consumidores e o Sabor Universal vem mostrar exatamente isso\u201d, conta Filipe Cuvero, VP de Cria\u00e7\u00e3o da Dentsu Brasil.<\/p>\n<p>\u201cO Miojo Sabor Universal \u00e9 uma edi\u00e7\u00e3o especial limitad\u00edssima que ser\u00e1 vendida\u00a0<u>apenas<\/u>\u00a0no dia 31 de agosto, no Extra Anhanguera, em S\u00e3o Paulo (R. Samuel Klabin, 193 \u2013 Vila Leopoldina) e o pre\u00e7o ser\u00e1 o mesmo j\u00e1 praticado para a linha Nissin L\u00e1men. O ponto de venda tamb\u00e9m ter\u00e1 uma a\u00e7\u00e3o exclusiva para essa a\u00e7\u00e3o, vamos usar uma tecnologia de LED na ponta de g\u00f4ndola em que estar\u00e1 o produto\u201d, conclui Gabriela.<\/p>\n<p>A nova comunica\u00e7\u00e3o contou ainda com uma nova participa\u00e7\u00e3o do presidente da NISSIN FOODS DO BRASIL, que j\u00e1 havia atuado na campanha\u00a0<em>Nissin Lamen(ta)<\/em>\u00a0pedindo desculpas publicamente em nome da marca pela NISSIN n\u00e3o saber fazer o Miojo perfeito. Desta vez, o executivo volta \u00e0 cena como um \u201cmentor\u201d trazendo uma verdadeira miss\u00e3o imposs\u00edvel para o personagem fict\u00edcio Hiromi Tanue, food designer Nissin: criar um sabor de l\u00e1men que agrade a todos. As duas primeiras fases da campanha mostram ent\u00e3o a rotina no laborat\u00f3rio de testes, onde Hiromi e sua equipe passam dias testando infinitas combina\u00e7\u00f5es de sabores, do\u00a0<em>feij\u00e3o \u00e0 uva passa<\/em>. Ap\u00f3s muitos testes, o profissional descobre a solu\u00e7\u00e3o perfeita para agradar a todos os consumidores de Miojo: o Sabor Universal que, por n\u00e3o ter um sach\u00ea de tempero, deixa o brasileiro \u00e0 vontade para usar a imagina\u00e7\u00e3o.<\/p>\n<p><strong>FICHA T\u00c9CNICA<br \/>\n<\/strong><strong>Age\u0302ncia:\u00a0<\/strong>Dentsu<br \/>\n<strong>Anunciante:\u00a0<\/strong>Nissin Foods do Brasil<br \/>\n<strong>Produto:\u00a0<\/strong>Nissin L\u00e1men<br \/>\n<strong>Ti\u0301tulo:\u00a0<\/strong>Sabor Universal<br \/>\n<strong>Dura\u00e7\u00e3o:<\/strong>\u00a003 x 2\u2019<strong><br \/>\nAg\u00eancia:<\/strong>\u00a0Dentsu Brasil\u00a0<strong><br \/>\nPresidente:<\/strong>\u00a0Mario D\u2019Andrea<strong><br \/>\nVP de Cria\u00e7\u00e3o:<\/strong>\u00a0Filipe Cuvero\u00a0<strong><br \/>\nDiretor de Communication Design e Inova\u00e7\u00e3o:<\/strong>\u00a0Kojiro Tanoue<strong><br \/>\nDiretores de Cria\u00e7\u00e3o Associados:<\/strong>\u00a0Christian Faria e Murilo Torezan<strong><br \/>\nCria\u00e7\u00e3o Filmes:\u00a0<\/strong>Marcelo Feltrin e Nathalie Louren\u00e7o<strong><br \/>\nCria\u00e7\u00e3o Embalagem:\u00a0<\/strong>Filipe Cuvero, Marcelo Feltrin e Nathalie Louren\u00e7o<strong><br \/>\nHead Content\/Social:\u00a0<\/strong>Diego Torres<strong><br \/>\nEquipe de Content\/Social:\u00a0\u00a0<\/strong>Simone Bispo, Viviane Teves<br \/>\n<strong>VP Opera\u00e7\u00f5es e Neg\u00f3cios:\u00a0<\/strong>Mauro Rabello<br \/>\n<strong>Atendimento Ag\u00eancia:<\/strong>\u00a0Fernando Silva e Claudio Machado<strong><br \/>\n<\/strong><strong>M\u00eddia:<\/strong>\u00a0Rodolpho Aguiar, Lucas Cavalcante, Gustavo Ono e Daniela Lopes<strong><br \/>\n<\/strong><strong>RTV:<\/strong>\u00a0Juliana D\u2019Antino, Andrea Consoleto e Marcela Veroneze<strong><br \/>\n<\/strong><strong>Produtora<\/strong>:\u00a0Fant\u00e1stica Filmes<br \/>\n<strong>Dire\u00e7\u00e3o de Cena<\/strong>:\u00a0Marlon Klug<br \/>\n<strong>Dire\u00e7\u00e3o de Fotografia<\/strong>:\u00a0Elisandro Dalcin<br \/>\n<strong>Dire\u00e7\u00e3o de Arte<\/strong>:\u00a0Rosane Melink<br \/>\n<strong>Assistente de Dire\u00e7\u00e3o<\/strong>:\u00a0Eduardo Belik<br \/>\n<strong>Designer de Produ\u00e7\u00e3o<\/strong>:\u00a0Rosane Melink<br \/>\n<strong>Dire\u00e7\u00e3o de Produ\u00e7\u00e3o<\/strong>:\u00a0Marina Rossignoli<strong><br \/>\n<\/strong><strong>Produ\u00e7\u00e3o Executiva<\/strong>:\u00a0Herminio Vinholi Jr e Marlon Klug<br \/>\n<strong>Gerente de Processo<\/strong>:\u00a0Ana Maria Sequinel<br \/>\n<strong>Produ\u00e7\u00e3o de Figurino<\/strong>: Cesar Augusto Martins<br \/>\n<strong>Produ\u00e7\u00e3o de Elenco<\/strong>: Call Me Cast<br \/>\n<strong>Elenco<\/strong>:\u00a0Alexandre\u00a0Hiroyuki Ogata como \u201cHiromi Tanoue\u201d<br \/>\n<strong>P\u00f3s produ\u00e7\u00e3o e finaliza\u00e7\u00e3o<\/strong>: Fant\u00e1stica VFX<br \/>\n<strong>Diretores de VFX<\/strong>:\u00a0Ivan Stephan e Bruno Wotroba<br \/>\n<strong>Coordenador de P\u00f3s Produ\u00e7\u00e3o<\/strong>: Maguilla<br \/>\n<strong>Composi\u00e7\u00e3o VFX<\/strong>:\u00a0Karlos Schirmer<br \/>\n<strong>Engenheiro VFX<\/strong>: Iv\u00e3 Stival<br \/>\n<strong>Montagem<\/strong>:\u00a0Fernanda Gadotti e Marlon Klug<br \/>\n<strong>Color Grading<\/strong>:\u00a0Psycho N\u2019 Look<strong><br \/>\n<\/strong><strong>Produtora de \u00e1udio:<\/strong>\u00a0Audioink<br \/>\n<strong>Produtor:<\/strong>\u00a0Filipe Derado<strong><br \/>\n<\/strong><strong>Atendimento:<\/strong>\u00a0Paula Zakia\u00a0e Anna Di Giacomo<strong><br \/>\nAprova\u00e7\u00e3o do cliente:\u00a0<\/strong>Yosuke Kawai, Kosuke Hara, Ana Fossati, Gabriela Prud\u00eancio, Rodrigo Vencerlau e Tatiana Curi<\/p>\n<p><strong><em>Sobre a NISSIN FOODS DO BRASIL LTDA.<\/em><\/strong><\/p>\n<p><em>A NISSIN FOODS DO BRASIL \u00e9 uma empresa do Grupo NISSIN FOODS e se consolidou no pa\u00eds como l\u00edder no segmento de macarr\u00e3o instant\u00e2neo. Atualmente, fabrica 55 produtos para consumidores diretos no Brasil e 12 produtos para exporta\u00e7\u00e3o. Com f\u00e1bricas em Ibi\u00fana (S\u00e3o Paulo) e em Gl\u00f3ria do Goit\u00e1 (Pernambuco), investe sempre em boas pr\u00e1ticas para satisfazer as necessidades de seus consumidores e melhorar continuamente seus produtos e servi\u00e7os.<\/em><\/p>\n<p><strong>Sobre a Dentsu Brasil<\/strong><\/p>\n<p>A Dentsu Brasil \u00e9 hoje uma das principais ag\u00eancias de publicidade do grupo Dentsu Aegis Network. Liderada pelo CEO e CCO Mario D\u2019Andrea, a empresa acredita na tecnologia como ferramenta para inovar e transformar a vida das pessoas e das marcas. A total integra\u00e7\u00e3o das suas diferentes \u00e1reas e profissionais de sua rede resulta em um trabalho criativo que oferece de forma convergente alta qualidade em todas suas disciplinas. Em poucos anos, a Dentsu Brasil tem uma larga carteira de clientes internacionais e brasileiros como: SulAm\u00e9rica, Toyota, Nissin, Bimbo, Ajinomoto, Canon, Salonpas e outros.<\/p>\n<\/div>\n<\/div>\n<div class=\"the-content\">\n<div>\n<p>Fonte\/Cr\u00e9ditos: BorimBora \/\u00a0K\u00e1tya Elpydio<\/p>\n<hr \/>\n<p>Compartilhe este post com as pessoas em suas redes sociais e marque o perfil. Curta e siga o\u00a0@gastronomidiaoficial no\u00a0<a href=\"https:\/\/www.facebook.com\/gastronomidiaoficial\/\" target=\"_blank\" rel=\"noopener\"><strong>Facebook<\/strong><\/a>\u00a0ou no\u00a0<a href=\"https:\/\/www.instagram.com\/gastronomidiaoficial\/\" target=\"_blank\" rel=\"noopener\"><strong>Instagram<\/strong><\/a>.<\/p>\n<p>N\u00f3s tamb\u00e9m estamos no WhatsApp, adicione o nosso n\u00famero (11) 97725-5667 em seus contatos ou utilize este\u00a0<a href=\"http:\/\/bit.ly\/2JT7zDt\" target=\"_blank\" rel=\"noopener\"><strong>link<\/strong><\/a>\u00a0para falar com a gente.<\/p>\n<\/div>\n<\/div>\n","protected":false},"excerpt":{"rendered":"<p>Edi\u00e7\u00e3o especial limitad\u00edssima estar\u00e1 \u00e0 venda somente dia 31 de agosto, no Extra Anhanguera, em S\u00e3o Paulo. O pre\u00e7o ser\u00e1 o mesmo j\u00e1 praticado para a linha Nissin L\u00e1men. Em nova campanha da marca, presidente volta a atuar e tem como desafio criar um sabor de l\u00e1men que agrade a todos Para os brasileiros, n\u00e3o &hellip;<\/p>\n","protected":false},"author":1,"featured_media":3889,"comment_status":"open","ping_status":"open","sticky":false,"template":"","format":"standard","meta":[],"categories":[136,130,127,95,129,94,128,446],"tags":[717,531,716,715,718],"_links":{"self":[{"href":"https:\/\/gastronomidia.com.br\/2021\/wp-json\/wp\/v2\/posts\/3888"}],"collection":[{"href":"https:\/\/gastronomidia.com.br\/2021\/wp-json\/wp\/v2\/posts"}],"about":[{"href":"https:\/\/gastronomidia.com.br\/2021\/wp-json\/wp\/v2\/types\/post"}],"author":[{"embeddable":true,"href":"https:\/\/gastronomidia.com.br\/2021\/wp-json\/wp\/v2\/users\/1"}],"replies":[{"embeddable":true,"href":"https:\/\/gastronomidia.com.br\/2021\/wp-json\/wp\/v2\/comments?post=3888"}],"version-history":[{"count":9,"href":"https:\/\/gastronomidia.com.br\/2021\/wp-json\/wp\/v2\/posts\/3888\/revisions"}],"predecessor-version":[{"id":3898,"href":"https:\/\/gastronomidia.com.br\/2021\/wp-json\/wp\/v2\/posts\/3888\/revisions\/3898"}],"wp:featuredmedia":[{"embeddable":true,"href":"https:\/\/gastronomidia.com.br\/2021\/wp-json\/wp\/v2\/media\/3889"}],"wp:attachment":[{"href":"https:\/\/gastronomidia.com.br\/2021\/wp-json\/wp\/v2\/media?parent=3888"}],"wp:term":[{"taxonomy":"category","embeddable":true,"href":"https:\/\/gastronomidia.com.br\/2021\/wp-json\/wp\/v2\/categories?post=3888"},{"taxonomy":"post_tag","embeddable":true,"href":"https:\/\/gastronomidia.com.br\/2021\/wp-json\/wp\/v2\/tags?post=3888"}],"curies":[{"name":"wp","href":"https:\/\/api.w.org\/{rel}","templated":true}]}}