{"id":3878,"date":"2019-08-25T16:05:02","date_gmt":"2019-08-25T16:05:02","guid":{"rendered":"http:\/\/gastronomidia.com.br\/?p=3878"},"modified":"2019-08-25T16:05:02","modified_gmt":"2019-08-25T16:05:02","slug":"restaurantes-em-sao-paulo-inovam-aliando-gastronomia-e-compras","status":"publish","type":"post","link":"https:\/\/gastronomidia.com.br\/2021\/restaurantes-em-sao-paulo-inovam-aliando-gastronomia-e-compras\/novidades\/","title":{"rendered":"Restaurantes em S\u00e3o Paulo inovam aliando gastronomia e compras"},"content":{"rendered":"<p class=\"article-subtitle\">Quatro endere\u00e7os para almo\u00e7ar em S\u00e3o Paulo e adquirir todos os ingredientes necess\u00e1rios para preparar o jantar<\/p>\n<section class=\"article-content\">\n<div class=\"featured-image\">\n<div class=\"image\">\n<div class=\"seedtag-gohan seedtag-adunit st-in-image\">\n<div class=\"st-container\">\n<div class=\"st-adunit-component st-adunit-component_ad-view\">\n<div class=\"st-container\">\n<div><\/div>\n<\/div>\n<\/div>\n<\/div>\n<\/div>\n<\/div>\n<\/div>\n<h2>Jacarand\u00e1<\/h2>\n<p>Sob o comando de Milton Freitas desde 2016, o\u00a0<strong><a href=\"https:\/\/exame.abril.com.br\/noticias-sobre\/restaurantes\/\" target=\"_blank\" rel=\"noopener\">restaurante<\/a><\/strong>\u00a0de cozinha variada reflete o esp\u00edrito inquieto do restaurateur, dono tamb\u00e9m da trattoria Antonietta Cucina, do izakaya Taka Daru e do bar Candeeiro. A primeira mudan\u00e7a envolveu o bar Tatu, no subsolo, rebatizado como Raiz para se diferenciar da rede Tatu Bola.<\/p>\n<p><span class=\"qowt-font2-TimesNewRoman\">Localizado na entrada, o armaz\u00e9m do Jacarand\u00e1 foi incrementado e agora comercializa queijos e embutidos de pequenos produtores nacionais de diversas regi\u00f5es, p\u00e3es de fermenta\u00e7\u00e3o natural, sorvetes caseiros e vinhos org\u00e2nicos, trazidos por uma cooperativa de Parelheiros. O queijo da Serra da Canastra, a goiabada de S\u00e3o Gon\u00e7alo de Minas e o doce de leite de Vi\u00e7osa t\u00eam espa\u00e7o garantido nas prateleiras.<\/span><\/p>\n<div class=\"teads-inread teads-display sm-screen\">\n<div>\n<div id=\"teads0\" class=\"teads-player\"><\/div>\n<\/div>\n<\/div>\n<p><span class=\"qowt-font2-TimesNewRoman\">Para matar a fome no local, o arroz de camar\u00f5es e carne de porco (R$ 84) e a prancha com camar\u00e3o, lula, polvo, ostra, peixe do dia, batata, tomatinhos e maionese de dill (R$ 88) s\u00e3o duas escolhas acertadas.\u00a0<\/span><span class=\"qowt-font2-TimesNewRoman\">Rua Alves Guimar\u00e3es, 153, Pinheiros, S\u00e3o Paulo, (11) 3083-3003.<\/span><\/p>\n<div class=\"content-image alignnone wp-caption\" style=\"width: 815px;\">\n<div class=\"image\"><img loading=\"lazy\" class=\" wp-image-3569153\" title=\"Jacarand\u00e1\" src=\"https:\/\/abrilexame.files.wordpress.com\/2019\/08\/consumo_jacarandc3a1.jpg?quality=70&amp;strip=info&amp;w=573&amp;h=383\" sizes=\"(max-width: 573px) 100vw, 573px\" srcset=\"https:\/\/abrilexame.files.wordpress.com\/2019\/08\/consumo_jacarandc3a1.jpg?quality=70&amp;strip=info 573w, https:\/\/abrilexame.files.wordpress.com\/2019\/08\/consumo_jacarandc3a1.jpg?quality=70&amp;strip=info&amp;w=150&amp;h=100 150w, https:\/\/abrilexame.files.wordpress.com\/2019\/08\/consumo_jacarandc3a1.jpg?quality=70&amp;strip=info&amp;w=300&amp;h=201 300w\" alt=\"Jacarand\u00e1\" width=\"815\" height=\"545\" border=\"0\" data-image-title=\"Jacarand\u00e1\" data-restrict=\"false\" data-2021-copyright=\"Jacarand\u00e1\" data-image-caption=\"Jacarand\u00e1\" \/><\/p>\n<div class=\"seedtag-gohan seedtag-adunit st-in-image\">\n<div class=\"st-container\">\n<div class=\"st-adunit-component st-adunit-component_ad-view\">\n<div class=\"st-container\">\n<div class=\"st-ad-wrapper\">Jacarand\u00e1\u00a0(Jacarand\u00e1\/Divulga\u00e7\u00e3o)<\/div>\n<div><\/div>\n<\/div>\n<\/div>\n<\/div>\n<\/div>\n<\/div>\n<\/div>\n<h2><span class=\"qowt-font2-TimesNewRoman\">Basilicata \u2013 P\u00e3o, Emp\u00f3rio e Restaurante<\/span><\/h2>\n<p><span class=\"qowt-font2-TimesNewRoman\">Inaugurado em 1914, \u00e9 um dos emp\u00f3rios mais tradicionais da cidade. Dois anos atr\u00e1s, ganhou um convidativo restaurante. Comandado pelo chef Rafael Lorenti, serve pratos como codorna recheada com lingui\u00e7a e miolo de p\u00e3o (R$ 61) e frutos do mar grelhados com cuscuz marroquino (R$ 77).<\/span><\/p>\n<p><span class=\"qowt-font2-TimesNewRoman\">A localiza\u00e7\u00e3o do restaurante \u00e9 estrat\u00e9gica: fica no andar de cima, o que obriga os frequentadores a contemplar prateleiras e mais prateleiras recheadas de massas secas importadas, azeites, latas de tomate italiano, queijos, salames e vinhos, para n\u00e3o falar dos itens preparados na padaria.<\/span><\/p>\n<p><span class=\"qowt-font2-TimesNewRoman\">Resultado: n\u00e3o \u00e9 raro flagrar clientes que acabaram de almo\u00e7ar com uma cesta cheia de alimentos e um p\u00e3o debaixo do bra\u00e7o.\u00a0<\/span><span class=\"qowt-font2-TimesNewRoman\">R. Treze de Maio, 596, Bela Vista, S\u00e3o Paulo, (11) 3289-3111.<\/span><\/p>\n<div class=\"content-image alignnone wp-caption\" style=\"width: 815px;\">\n<div class=\"image\"><img loading=\"lazy\" class=\" wp-image-3569157\" title=\"Basilicata \u2013 P\u00e3o, Emp\u00f3rio e Restaurante\" src=\"https:\/\/abrilexame.files.wordpress.com\/2019\/08\/consumo_basilicata.jpg?quality=70&amp;strip=info&amp;w=642&amp;h=424\" sizes=\"(max-width: 642px) 100vw, 642px\" srcset=\"https:\/\/abrilexame.files.wordpress.com\/2019\/08\/consumo_basilicata.jpg?quality=70&amp;strip=info 642w, https:\/\/abrilexame.files.wordpress.com\/2019\/08\/consumo_basilicata.jpg?quality=70&amp;strip=info&amp;w=150&amp;h=99 150w, https:\/\/abrilexame.files.wordpress.com\/2019\/08\/consumo_basilicata.jpg?quality=70&amp;strip=info&amp;w=300&amp;h=198 300w\" alt=\"Basilicata - P\u00e3o, Emp\u00f3rio e Restaurante\" width=\"815\" height=\"538\" border=\"0\" data-image-title=\"Basilicata \u2013 P\u00e3o, Emp\u00f3rio e Restaurante\" data-restrict=\"false\" data-2021-copyright=\"Basilicata\" data-image-caption=\"Basilicata - P\u00e3o, Emp\u00f3rio e Restaurante\" \/><\/div>\n<p class=\"caption\">Basilicata \u2013 P\u00e3o, Emp\u00f3rio e Restaurante\u00a0(Basilicata\/Divulga\u00e7\u00e3o)<\/p>\n<p>&nbsp;<\/p>\n<\/div>\n<h2><span class=\"qowt-font2-TimesNewRoman\">Casa Europa<\/span><\/h2>\n<p><span class=\"qowt-font2-TimesNewRoman\">Massas secas e frescas de fabrica\u00e7\u00e3o pr\u00f3pria. Ragus e legumes org\u00e2nicos. Arrozes e queijos. E tem ainda os p\u00e3es org\u00e2nicos, assados pela rede P\u00c3O \u2013\u00a0<\/span><span class=\"qowt-font2-TimesNewRoman\">Padaria Artesanal Org\u00e2nica. Quem entra na Casa Europa \u00e0 procura de uma mesa e vai direto para o andar inferior costuma tomar um susto.<\/span><\/p>\n<p><span class=\"qowt-font2-TimesNewRoman\">Ali funciona um emp\u00f3rio elogiado, que permite reproduzir em casa parte das receitas servidas no andar de cima. O card\u00e1pio do restaurante lista pedidas como nhoque com camar\u00e3o, br\u00f3colis e tomate-cereja (R$ 79) e tagliolini na manteiga com s\u00e1lvia acompanhado de fil\u00e9-mignon ao molho de cogumelos (R$ 79).<\/span><\/p>\n<p><span class=\"qowt-font2-TimesNewRoman\">Para distrair a fome vale a pena experimentar a salada de r\u00facula com camar\u00f5es na lenha e gomos de laranja (R$ 69).\u00a0<\/span><span class=\"qowt-font2-TimesNewRoman\">Alameda Gabriel Monteiro da Silva, 726, Jardim Paulistano, S\u00e3o Paulo, (11) 3063-5577.<\/span><\/p>\n<p>&nbsp;<\/p>\n<h2><span class=\"qowt-font2-TimesNewRoman\">Feed<\/span><\/h2>\n<p><span class=\"qowt-font2-TimesNewRoman\">Um dos primeiros endere\u00e7os a merecer o t\u00edtulo de a\u00e7ougue-<\/span><span class=\"qowt-font2-TimesNewRoman\">butique<\/span><span class=\"qowt-font2-TimesNewRoman\">, espalha-se por 360 metros quadrados repletos de churrasqueiras port\u00e1teis, facas e t\u00e1buas, al\u00e9m de cortes incensados, previamente\u00a0<\/span><span class=\"qowt-font2-TimesNewRoman\">porcionados<\/span><span class=\"qowt-font2-TimesNewRoman\">\u00a0e embalados a v\u00e1cuo. Inaugurado em 2014, ganhou um restaurante nos fundos.<\/span><\/p>\n<p><span class=\"qowt-font2-TimesNewRoman\">Na churrasqueira s\u00e3o finalizados cortes especiais como dry aged maturado por at\u00e9 60 dias (R$ 249) e bife de tira (R$ 139), todos com tr\u00eas op\u00e7\u00f5es de acompanhamento. Para partilhar, a t\u00e1bua com 600 gramas de picanha, fraldinha ou chorizo custa R$ 199, tamb\u00e9m com direito a tr\u00eas acompanhamentos.<\/span><\/p>\n<p><span class=\"qowt-font2-TimesNewRoman\">Dica para quem quer aprimorar os dotes de churrasqueiro: o local promove cursos para preparar hamb\u00farguer (R$ 250) ou cortes com ossos (R$ 280), entre outras op\u00e7\u00f5es.\u00a0<\/span><span class=\"qowt-font2-TimesNewRoman\">Rua Dr. Mario Ferraz, 547, Itaim Bibi, S\u00e3o Paulo, (11) 5627-4700.<\/span><\/p>\n<div class=\"content-image alignnone wp-caption\">\n<div class=\"image\"><img loading=\"lazy\" class=\"size-full wp-image-3569159\" title=\"Feed\" src=\"https:\/\/abrilexame.files.wordpress.com\/2019\/08\/consumo_feed.jpg?quality=70&amp;strip=info&amp;w=1024&amp;h=683\" sizes=\"(max-width: 1024px) 100vw, 1024px\" srcset=\"https:\/\/abrilexame.files.wordpress.com\/2019\/08\/consumo_feed.jpg?quality=70&amp;strip=info&amp;w=1024&amp;h=683 1024w, https:\/\/abrilexame.files.wordpress.com\/2019\/08\/consumo_feed.jpg?quality=70&amp;strip=info&amp;w=2048&amp;h=1366 2048w, https:\/\/abrilexame.files.wordpress.com\/2019\/08\/consumo_feed.jpg?quality=70&amp;strip=info&amp;w=150&amp;h=100 150w, https:\/\/abrilexame.files.wordpress.com\/2019\/08\/consumo_feed.jpg?quality=70&amp;strip=info&amp;w=300&amp;h=200 300w, https:\/\/abrilexame.files.wordpress.com\/2019\/08\/consumo_feed.jpg?quality=70&amp;strip=info&amp;w=768&amp;h=512 768w\" alt=\"Feed\" width=\"1024\" height=\"683\" border=\"0\" data-image-title=\"Feed\" data-restrict=\"false\" data-2021-copyright=\"Tricia Vieira\" data-image-caption=\"Feed\" \/><\/div>\n<p class=\"caption\">Feed\u00a0(Tricia Vieira\/Divulga\u00e7\u00e3o)<\/p>\n<p>Fonte\/Cr\u00e9ditos:\u00a0<em>Exame \u2013 Daniel Salles<\/em><\/p>\n<hr \/>\n<p>Compartilhe este post com as pessoas em suas redes sociais e marque o perfil. Curta e siga o\u00a0@gastronomidiaoficial no\u00a0<a href=\"https:\/\/www.facebook.com\/gastronomidiaoficial\/\" target=\"_blank\" rel=\"noopener\"><strong>Facebook<\/strong><\/a>\u00a0ou no\u00a0<a href=\"https:\/\/www.instagram.com\/gastronomidiaoficial\/\" target=\"_blank\" rel=\"noopener\"><strong>Instagram<\/strong><\/a>.<\/p>\n<p>N\u00f3s tamb\u00e9m estamos no WhatsApp, adicione o nosso n\u00famero (11) 97725-5667 em seus contatos ou utilize este\u00a0<a href=\"http:\/\/bit.ly\/2JT7zDt\" target=\"_blank\" rel=\"noopener\"><strong>link<\/strong><\/a>\u00a0para falar com a gente.<\/p>\n<\/div>\n<\/section>\n","protected":false},"excerpt":{"rendered":"<p>Quatro endere\u00e7os para almo\u00e7ar em S\u00e3o Paulo e adquirir todos os ingredientes necess\u00e1rios para preparar o jantar Jacarand\u00e1 Sob o comando de Milton Freitas desde 2016, o\u00a0restaurante\u00a0de cozinha variada reflete o esp\u00edrito inquieto do restaurateur, dono tamb\u00e9m da trattoria Antonietta Cucina, do izakaya Taka Daru e do bar Candeeiro. A primeira mudan\u00e7a envolveu o bar &hellip;<\/p>\n","protected":false},"author":1,"featured_media":3880,"comment_status":"open","ping_status":"open","sticky":false,"template":"","format":"standard","meta":[],"categories":[130,127,95,129,381,94],"tags":[711,257,169,93],"_links":{"self":[{"href":"https:\/\/gastronomidia.com.br\/2021\/wp-json\/wp\/v2\/posts\/3878"}],"collection":[{"href":"https:\/\/gastronomidia.com.br\/2021\/wp-json\/wp\/v2\/posts"}],"about":[{"href":"https:\/\/gastronomidia.com.br\/2021\/wp-json\/wp\/v2\/types\/post"}],"author":[{"embeddable":true,"href":"https:\/\/gastronomidia.com.br\/2021\/wp-json\/wp\/v2\/users\/1"}],"replies":[{"embeddable":true,"href":"https:\/\/gastronomidia.com.br\/2021\/wp-json\/wp\/v2\/comments?post=3878"}],"version-history":[{"count":3,"href":"https:\/\/gastronomidia.com.br\/2021\/wp-json\/wp\/v2\/posts\/3878\/revisions"}],"predecessor-version":[{"id":3882,"href":"https:\/\/gastronomidia.com.br\/2021\/wp-json\/wp\/v2\/posts\/3878\/revisions\/3882"}],"wp:featuredmedia":[{"embeddable":true,"href":"https:\/\/gastronomidia.com.br\/2021\/wp-json\/wp\/v2\/media\/3880"}],"wp:attachment":[{"href":"https:\/\/gastronomidia.com.br\/2021\/wp-json\/wp\/v2\/media?parent=3878"}],"wp:term":[{"taxonomy":"category","embeddable":true,"href":"https:\/\/gastronomidia.com.br\/2021\/wp-json\/wp\/v2\/categories?post=3878"},{"taxonomy":"post_tag","embeddable":true,"href":"https:\/\/gastronomidia.com.br\/2021\/wp-json\/wp\/v2\/tags?post=3878"}],"curies":[{"name":"wp","href":"https:\/\/api.w.org\/{rel}","templated":true}]}}