{"id":3872,"date":"2019-08-25T04:25:10","date_gmt":"2019-08-25T04:25:10","guid":{"rendered":"http:\/\/gastronomidia.com.br\/?p=3872"},"modified":"2019-08-25T15:39:36","modified_gmt":"2019-08-25T15:39:36","slug":"governo-de-sp-lanca-programa-gastronomico-para-o-mes-de-outubro","status":"publish","type":"post","link":"https:\/\/gastronomidia.com.br\/2021\/governo-de-sp-lanca-programa-gastronomico-para-o-mes-de-outubro\/eventos\/","title":{"rendered":"Governo de SP lan\u00e7a programa gastron\u00f4mico para o m\u00eas de outubro"},"content":{"rendered":"<p class=\"texto\">Nesta sexta-feira (23), o governador de S\u00e3o Paulo, Jo\u00e3o Doria, ao lado do secret\u00e1rio de Cultura e Economia Criativa, S\u00e9rgio S\u00e1 Leit\u00e3o, anunciou o programa SP Gastronomia, uma iniciativa para englobar diversos eventos do setor, que acontecer\u00e3o em todo o estado no m\u00eas de outubro.<\/p>\n<p class=\"texto\">O programa inclui eventos que j\u00e1 s\u00e3o consagrados no mundo da gastronomia, como o Mesa S\u00e3o Paulo, o Restaurante Week e a Festa de San Gennaro, al\u00e9m de apresentar novas propostas que conversam entre si.<\/p>\n<p class=\"texto\">Um dos exemplos Bom Prato Convida, no qual todas as unidades da rede Bom Prato ter\u00e3o refei\u00e7\u00f5es elaboradas por chefs renomados, seguindo o crit\u00e9rio de R$ 1 por prato. J\u00e1 o selo Feito em SP busca identificar ingredientes e prepara\u00e7\u00f5es tipicamente paulistas, diferenciando para o resto do Pa\u00eds.<\/p>\n<div id=\"attachment_34080\" class=\"wp-caption aligncenter\">\n<p><img loading=\"lazy\" class=\"size-full wp-image-34080\" src=\"https:\/\/www.revistamenu.com.br\/wp-content\/uploads\/2019\/08\/48607758536_a4875a4b9a_z.jpg\" sizes=\"(max-width: 640px) 100vw, 640px\" srcset=\"https:\/\/www.revistamenu.com.br\/wp-content\/uploads\/2019\/08\/48607758536_a4875a4b9a_z.jpg 640w, https:\/\/www.revistamenu.com.br\/wp-content\/uploads\/2019\/08\/48607758536_a4875a4b9a_z-300x200.jpg 300w, https:\/\/www.revistamenu.com.br\/wp-content\/uploads\/2019\/08\/48607758536_a4875a4b9a_z-450x300.jpg 450w, https:\/\/www.revistamenu.com.br\/wp-content\/uploads\/2019\/08\/48607758536_a4875a4b9a_z-330x220.jpg 330w, https:\/\/www.revistamenu.com.br\/wp-content\/uploads\/2019\/08\/48607758536_a4875a4b9a_z-296x197.jpg 296w\" alt=\"\" width=\"100%\" height=\"auto\" aria-describedby=\"caption-attachment-34080\" \/><\/p>\n<p id=\"caption-attachment-34080\" class=\"wp-caption-text\">SP Gastronomia re\u00fane eventos consagrados do setor e novas iniciativas com apoio da iniciativa privada (Foto: Divulga\u00e7\u00e3o\/Governo do Estado de S\u00e3o Paulo)<\/p>\n<\/div>\n<p class=\"texto\">Entre os chefs participantes no ciclo de eventos est\u00e3o os brasileiro Alex Atala, Jefferson Rueda, Guga Rocha, Carole Crema, Manu Buffara, Morena Leite, F\u00e1bio Vieira e Carlos Bertolazzi.<\/p>\n<p class=\"texto\">\u201cEsse programa est\u00e1 diretamente vinculado \u00e0 gera\u00e7\u00e3o de empregos, de oportunidades e de apoio ao empreendedorismo\u201d, explicou o governador Jo\u00e3o Doria, que tamb\u00e9m anunciou que o programa ser\u00e1 100% viabilizado com investimentos da iniciativa privada.<\/p>\n<p class=\"texto\">O objetivo, al\u00e9m de promover o setor e fomentar o turismo no estado, \u00e9 estabelecer outubro como o m\u00eas da gastronomia, a partir de uma agenda permanente, como a apresentada pelo SP Gastronomia, integrando diversos elos da cadeia produtiva.<\/p>\n<h2>CALEND\u00c1RIO<\/h2>\n<p class=\"texto\">O calend\u00e1rio completo das atividades ao longo de 31 dias, com datas e locais, est\u00e1 dispon\u00edvel no site <a href=\"http:\/\/spgastronomia.sp.gov.br\/\" target=\"_blank\" rel=\"noopener\">www.spgastronomia.gov.br<\/a>. Abaixo, alguns dos destaques do programa:<\/p>\n<p>&#8211; Feito em SP (a partir de 2\/10): festival competitivo voltado a produtos e pratos emblem\u00e1ticos da gastronomia de S\u00e3o Paulo, com eliminat\u00f3rias nas 16 regi\u00f5es do estado e final no Memorial da Am\u00e9rica Latina. Em todas as etapas, shows musicais complementam a programa\u00e7\u00e3o.<br \/>\n2\/10 &#8211; S\u00e3o Carlos<br \/>\n3\/10 &#8211; Ribeir\u00e3o Preto<br \/>\n4\/10 &#8211; Fran\u00e7a<br \/>\n5\/10 &#8211; Barretos<br \/>\n6\/10 &#8211; S\u00e3o Jos\u00e9 do Rio Preto<br \/>\n8\/10 &#8211; Ara\u00e7atuba<br \/>\n9\/10 &#8211; Presidente Prudente<br \/>\n10\/10 &#8211; Mar\u00edlia<br \/>\n11\/10 &#8211; Bauru<br \/>\n12\/10 &#8211; Sorocaba<br \/>\n13\/10 &#8211; Campinas<br \/>\n15\/10 &#8211; Taubat\u00e9<br \/>\n16\/10 &#8211; Santos<br \/>\n17\/10 &#8211; Registro<br \/>\n18\/10 &#8211; Santo Andr\u00e9<br \/>\n24 a 27\/10 &#8211; S\u00e3o Paulo<\/p>\n<p>&#8211; Mesa SP (24 a 27\/10): evento no Memorial da Am\u00e9rica Latina com centenas de chefs, produtores e profissionais reunidos para celebrar a cozinha brasileira e discutir os caminhos da gastronomia em aulas, degusta\u00e7\u00f5es, palestras, feira de produtores e o Mesa Tend\u00eancias \u2013 principal congresso de gastronomia da Am\u00e9rica Latina.<\/p>\n<p>&#8211; Restaurante Week (4 a 27\/10): festival que oferece menus especiais a pre\u00e7os acess\u00edveis em mais de 200 restaurantes renomados da cidade de S\u00e3o Paulo.<\/p>\n<p>&#8211; Festival de Bares e Botecos (28 a 31\/10): a\u00e7\u00e3o para valorizar a culin\u00e1ria dos bares e os petiscos de S\u00e3o Paulo, com experi\u00eancias que incentivam a criatividade, o sabor e a alegria.<\/p>\n<p>&#8211; Bocuse D\u2019or (27\/10): etapa do mais importante concurso da gastronomia mundial, com talentos brasileiros competindo para participar da grande final internacional, na Fran\u00e7a.<\/p>\n<p>&#8211; Mesa no Cinema (28 a 31\/10): mostra de filmes consagrados relacionados \u00e0 gastronomia, acompanhada por degusta\u00e7\u00f5es tem\u00e1ticas harmonizadas, com assinatura de chefs renomados.<\/p>\n<p>&#8211; Jantares Magnos (23, 25 e 26\/10): refei\u00e7\u00f5es especiais preparadas pelos maiores chefs da atualidade nos grandes restaurantes de S\u00e3o Paulo.<\/p>\n<p>&#8211; \u00c0 Mesa (a partir de 14\/10): exposi\u00e7\u00e3o in\u00e9dita no Memorial da Am\u00e9rica Latina sobre a hist\u00f3ria da gastronomia em S\u00e3o Paulo, com obras de arte e objetos que rememoram origens e tradi\u00e7\u00f5es, realizada pela curadoria do Acervo dos Pal\u00e1cios do Governo do Estado de S\u00e3o Paulo.<\/p>\n<p>&#8211; Literatura &amp; Gastronomia (de 24 a 27\/10): feira liter\u00e1ria focada em livros sobre gastronomia, reunindo dezenas de editoras e autores.<\/p>\n<p>&#8211; Bom Prato Convida (16\/10) &#8211; Dia Mundial da Alimenta\u00e7\u00e3o): a\u00e7\u00e3o nos 57 restaurantes da rede Bom Prato, com card\u00e1pios especiais criados por chefs renomados nos restaurantes do programa de alimenta\u00e7\u00e3o social do Governo do Estado, ao valor de R$ 1.<\/p>\n<p>&#8211; Vivaleite (24 a 27\/10): espa\u00e7o interativo e l\u00fadico do programa de seguran\u00e7a alimentar da Secretaria de Desenvolvimento Social, no Memorial da Am\u00e9rica Latina, para apresentar a import\u00e2ncia do consumo de leite no desenvolvimento saud\u00e1vel das crian\u00e7as.<\/p>\n<p>&#8211; Rotas Gastron\u00f4micas SP (2 a 31\/10): as Secretarias de Turismo e de Agricultura e Abastecimento, em parceria com prefeituras, listar\u00e3o os principais produtos e pratos das 16 macrorregi\u00f5es de S\u00e3o Paulo. O mapa ser\u00e1 lan\u00e7ado no Memorial da Am\u00e9rica Latina, no dia 24 de outubro.<\/p>\n<p>&#8211; Agricultura de Portas Abertas (2 a 31\/10): programa\u00e7\u00e3o promovida pela Secretaria de Agricultura e Abastecimento, que vai apresentar as principais pesquisas sobre alimenta\u00e7\u00e3o realizadas no Estado.<\/p>\n<p>&#8211; Via R\u00e1pida no SP Gastronomia (2 a 31\/10): a Secretaria de Desenvolvimento Econ\u00f4mico, por meio do Centro Paula Souza, oferecer\u00e1 400 vagas para 13 cursos de qualifica\u00e7\u00e3o profissional de at\u00e9 100 horas nas \u00e1reas de cozinha e gastronomia.<\/p>\n<p>Fonte\/Cr\u00e9ditos: <em>Esther Morel &#8211; Revista Menu<\/em><\/p>\n<hr \/>\n<p>Compartilhe este post com as pessoas em suas redes sociais e marque o perfil. Curta e siga o\u00a0@gastronomidiaoficial no\u00a0<a href=\"https:\/\/www.facebook.com\/gastronomidiaoficial\/\" target=\"_blank\" rel=\"noopener\"><strong>Facebook<\/strong><\/a>\u00a0ou no\u00a0<a href=\"https:\/\/www.instagram.com\/gastronomidiaoficial\/\" target=\"_blank\" rel=\"noopener\"><strong>Instagram<\/strong><\/a>.<\/p>\n<p>N\u00f3s tamb\u00e9m estamos no WhatsApp, adicione o nosso n\u00famero (11) 97725-5667 em seus contatos ou utilize este\u00a0<a href=\"http:\/\/bit.ly\/2JT7zDt\" target=\"_blank\" rel=\"noopener\"><strong>link<\/strong><\/a>\u00a0para falar com a gente.<\/p>\n","protected":false},"excerpt":{"rendered":"<p>Nesta sexta-feira (23), o governador de S\u00e3o Paulo, Jo\u00e3o Doria, ao lado do secret\u00e1rio de Cultura e Economia Criativa, S\u00e9rgio S\u00e1 Leit\u00e3o, anunciou o programa SP Gastronomia, uma iniciativa para englobar diversos eventos do setor, que acontecer\u00e3o em todo o estado no m\u00eas de outubro. O programa inclui eventos que j\u00e1 s\u00e3o consagrados no mundo &hellip;<\/p>\n","protected":false},"author":1,"featured_media":3873,"comment_status":"open","ping_status":"open","sticky":false,"template":"","format":"standard","meta":[],"categories":[81,130,127,95,381,94,446],"tags":[700,707,703,706,710,699,702,701,704,708,705,709,698],"_links":{"self":[{"href":"https:\/\/gastronomidia.com.br\/2021\/wp-json\/wp\/v2\/posts\/3872"}],"collection":[{"href":"https:\/\/gastronomidia.com.br\/2021\/wp-json\/wp\/v2\/posts"}],"about":[{"href":"https:\/\/gastronomidia.com.br\/2021\/wp-json\/wp\/v2\/types\/post"}],"author":[{"embeddable":true,"href":"https:\/\/gastronomidia.com.br\/2021\/wp-json\/wp\/v2\/users\/1"}],"replies":[{"embeddable":true,"href":"https:\/\/gastronomidia.com.br\/2021\/wp-json\/wp\/v2\/comments?post=3872"}],"version-history":[{"count":4,"href":"https:\/\/gastronomidia.com.br\/2021\/wp-json\/wp\/v2\/posts\/3872\/revisions"}],"predecessor-version":[{"id":3877,"href":"https:\/\/gastronomidia.com.br\/2021\/wp-json\/wp\/v2\/posts\/3872\/revisions\/3877"}],"wp:featuredmedia":[{"embeddable":true,"href":"https:\/\/gastronomidia.com.br\/2021\/wp-json\/wp\/v2\/media\/3873"}],"wp:attachment":[{"href":"https:\/\/gastronomidia.com.br\/2021\/wp-json\/wp\/v2\/media?parent=3872"}],"wp:term":[{"taxonomy":"category","embeddable":true,"href":"https:\/\/gastronomidia.com.br\/2021\/wp-json\/wp\/v2\/categories?post=3872"},{"taxonomy":"post_tag","embeddable":true,"href":"https:\/\/gastronomidia.com.br\/2021\/wp-json\/wp\/v2\/tags?post=3872"}],"curies":[{"name":"wp","href":"https:\/\/api.w.org\/{rel}","templated":true}]}}