{"id":3826,"date":"2019-08-12T20:24:19","date_gmt":"2019-08-12T20:24:19","guid":{"rendered":"http:\/\/gastronomidia.com.br\/?p=3826"},"modified":"2019-08-12T20:28:11","modified_gmt":"2019-08-12T20:28:11","slug":"conheca-o-merc-cuca-livro-e-maior-projeto-gastronomico-na-regiao-do-grande-abc","status":"publish","type":"post","link":"https:\/\/gastronomidia.com.br\/2021\/conheca-o-merc-cuca-livro-e-maior-projeto-gastronomico-na-regiao-do-grande-abc\/eventos\/","title":{"rendered":"Conhe\u00e7a o &#8220;Merc Cuca&#8221;: Livro e maior Projeto Gastron\u00f4mico na Regi\u00e3o do Grande ABC"},"content":{"rendered":"<p>Editoria publicada entre 2002 e 2003 na revista\u00a0<strong>MercNews<\/strong>, onde um empres\u00e1rio expunha \u2018sua receita de sucesso\u2019 \u2013 na verdade um trocadilho, pois se tratava de uma receita culin\u00e1ria -, foi o que deu origem ao\u00a0<strong>MercCuca<\/strong>, com o lan\u00e7amento do livro \u201cA receita do empres\u00e1rio de sucesso\u201d, em 2004.<\/p>\n<p>Pioneiro, o projeto instantaneamente ganhou a simpatia de v\u00e1rios empres\u00e1rios do ABC, que tiveram a oportunidade de participar de um empreendimento in\u00e9dito. A ades\u00e3o foi imediata e t\u00e3o expressiva que no mesmo ano \u2013 atendendo a muitas reivindica\u00e7\u00f5es do sexo feminino \u2013 foi lan\u00e7ado um livro s\u00f3 para mulheres: \u201cExecutivas: elas tamb\u00e9m sabem cozinhar\u201d.<\/p>\n<p><img loading=\"lazy\" class=\" wp-image-3829 alignleft\" src=\"http:\/\/gastronomidia.com.br\/2021\/wp-content\/uploads\/2019\/08\/Anuncio-MC2019-1024x698-300x204.jpg\" alt=\"\" width=\"340\" height=\"231\" srcset=\"https:\/\/gastronomidia.com.br\/2021\/wp-content\/uploads\/2019\/08\/Anuncio-MC2019-1024x698-300x204.jpg 300w, https:\/\/gastronomidia.com.br\/2021\/wp-content\/uploads\/2019\/08\/Anuncio-MC2019-1024x698.jpg 1024w\" sizes=\"(max-width: 340px) 100vw, 340px\" \/><\/p>\n<p>De l\u00e1 para c\u00e1, ano ap\u00f3s ano foram sendo produzidos livros com tem\u00e1ticas diversas, privilegiando o trocadilho nos t\u00edtulos e sempre com grande aceita\u00e7\u00e3o de empres\u00e1rios, profissionais liberais de todos os segmentos e pol\u00edticos da regi\u00e3o, independente de cor, sexo, parido pol\u00edtico ou religi\u00e3o, al\u00e9m da participa\u00e7\u00e3o de celebridades de diferentes segmentos, prefaciando a edi\u00e7\u00e3o da vez.<\/p>\n<p>Deu certo. Neste ano o MercCuca celebra 15 anos de exist\u00eancia com o lan\u00e7amento do seu 15\u00ba volume, fato que merece comemora\u00e7\u00e3o especial, pois, al\u00e9m de seu pioneirismo, configura-se tamb\u00e9m o maior projeto gastron\u00f4mico do ABC, ultrapassando, inclusive, as fronteiras da regi\u00e3o. Em outras palavras, MercCuca \u00e9 reconhecido hoje, incontestavelmente, como um grande sucesso editorial.<\/p>\n<h4>O PROCESSO<\/h4>\n<p>A premissa continua a mesma, do in\u00edcio. O projeto n\u00e3o tem fins comerciais e os participantes adquirem sua cota de livros, a pre\u00e7o de custo. Na fase de produ\u00e7\u00e3o as pessoas se conhecem, amigos se reencontram e cada noite se torna um evento de confraterniza\u00e7\u00e3o. J\u00e1 a festa, sempre aguardada e que h\u00e1 tempos faz parte do calend\u00e1rio de eventos na regi\u00e3o do Grande ABC, ocorre tradicionalmente no segundo semestre, quando o livro \u00e9 lan\u00e7ado, em concorrida noite de aut\u00f3grafos.<\/p>\n<p>Fonte\/Cr\u00e9ditos:\u00a0Revista Merc News e Editora Grupo Ger\u00eancia<\/p>\n<hr \/>\n<p>Compartilhe este post com as pessoas em suas redes sociais e marque o perfil. Curta e siga o\u00a0@gastronomidiaoficial no\u00a0<a href=\"https:\/\/www.facebook.com\/gastronomidiaoficial\/\" target=\"_blank\" rel=\"noopener\"><strong>Facebook<\/strong><\/a>\u00a0ou no\u00a0<a href=\"https:\/\/www.instagram.com\/gastronomidiaoficial\/\" target=\"_blank\" rel=\"noopener\"><strong>Instagram<\/strong><\/a>.<\/p>\n<p>N\u00f3s tamb\u00e9m estamos no WhatsApp, adicione o nosso n\u00famero (11) 97725-5667 em seus contatos ou utilize este\u00a0<a href=\"http:\/\/bit.ly\/2JT7zDt\" target=\"_blank\" rel=\"noopener\"><strong>link<\/strong><\/a>\u00a0para falar com a gente.<\/p>\n<p>&nbsp;<\/p>\n","protected":false},"excerpt":{"rendered":"<p>Editoria publicada entre 2002 e 2003 na revista\u00a0MercNews, onde um empres\u00e1rio expunha \u2018sua receita de sucesso\u2019 \u2013 na verdade um trocadilho, pois se tratava de uma receita culin\u00e1ria -, foi o que deu origem ao\u00a0MercCuca, com o lan\u00e7amento do livro \u201cA receita do empres\u00e1rio de sucesso\u201d, em 2004. Pioneiro, o projeto instantaneamente ganhou a simpatia &hellip;<\/p>\n","protected":false},"author":1,"featured_media":3827,"comment_status":"open","ping_status":"open","sticky":false,"template":"","format":"standard","meta":[],"categories":[136,81,130,127,95,129,100],"tags":[669,670,220,121,650,667,668,131],"_links":{"self":[{"href":"https:\/\/gastronomidia.com.br\/2021\/wp-json\/wp\/v2\/posts\/3826"}],"collection":[{"href":"https:\/\/gastronomidia.com.br\/2021\/wp-json\/wp\/v2\/posts"}],"about":[{"href":"https:\/\/gastronomidia.com.br\/2021\/wp-json\/wp\/v2\/types\/post"}],"author":[{"embeddable":true,"href":"https:\/\/gastronomidia.com.br\/2021\/wp-json\/wp\/v2\/users\/1"}],"replies":[{"embeddable":true,"href":"https:\/\/gastronomidia.com.br\/2021\/wp-json\/wp\/v2\/comments?post=3826"}],"version-history":[{"count":5,"href":"https:\/\/gastronomidia.com.br\/2021\/wp-json\/wp\/v2\/posts\/3826\/revisions"}],"predecessor-version":[{"id":3833,"href":"https:\/\/gastronomidia.com.br\/2021\/wp-json\/wp\/v2\/posts\/3826\/revisions\/3833"}],"wp:featuredmedia":[{"embeddable":true,"href":"https:\/\/gastronomidia.com.br\/2021\/wp-json\/wp\/v2\/media\/3827"}],"wp:attachment":[{"href":"https:\/\/gastronomidia.com.br\/2021\/wp-json\/wp\/v2\/media?parent=3826"}],"wp:term":[{"taxonomy":"category","embeddable":true,"href":"https:\/\/gastronomidia.com.br\/2021\/wp-json\/wp\/v2\/categories?post=3826"},{"taxonomy":"post_tag","embeddable":true,"href":"https:\/\/gastronomidia.com.br\/2021\/wp-json\/wp\/v2\/tags?post=3826"}],"curies":[{"name":"wp","href":"https:\/\/api.w.org\/{rel}","templated":true}]}}