{"id":3809,"date":"2019-08-06T04:20:49","date_gmt":"2019-08-06T04:20:49","guid":{"rendered":"http:\/\/gastronomidia.com.br\/?p=3809"},"modified":"2019-08-06T04:20:49","modified_gmt":"2019-08-06T04:20:49","slug":"sao-paulo-recebe-pela-primeira-vez-maior-festival-do-mundo-dedicado-a-ipa","status":"publish","type":"post","link":"https:\/\/gastronomidia.com.br\/2021\/sao-paulo-recebe-pela-primeira-vez-maior-festival-do-mundo-dedicado-a-ipa\/eventos\/","title":{"rendered":"S\u00e3o Paulo recebe pela primeira vez maior festival do mundo dedicado \u00e0 IPA"},"content":{"rendered":"<p><em>Sucesso que h\u00e1 oito anos re\u00fane 2 mil aficionados em Ribeir\u00e3o Preto chega \u00e0 capital paulista em 17 de agosto<\/em><\/p>\n<p>A capital paulista recebe pela primeira vez o maior festival do mundo dedicado \u00e0s cervejas do estilo India Pale Ale, IPA, dia 17 de agosto, a partir das 14h, na Cervejaria Tarantino. Os ingressos est\u00e3o sendo vendidos pelo Sympla.<\/p>\n<p>O evento, tradicionalmente realizado em Ribeir\u00e3o Preto no m\u00eas de novembro, expandiu as fronteiras este ano para promover sua primeira vers\u00e3o regional, com a tem\u00e1tica da cidade de S\u00e3o Paulo.<\/p>\n<p>\u201cEm S\u00e3o Paulo, vamos explorar o conceito urbano da cidade. Em vez de um palco com shows de bandas como fazemos em Ribeir\u00e3o, selecionamos seis artistas de rua que se apresentar\u00e3o pela festa. Al\u00e9m disso, vamos explorar bastante a comida de rua, o grafite e teremos cervejas sendo servidas em carros com chopeiras\u201d, conta Rafa Moschetta, um dos idealizadores do festival.<\/p>\n<p>A festa da capital contar\u00e1 com open bar de 25 das melhores IPAs do estado, incluindo as cervejarias Weird Barrel, Tarantino, Dogma, Trilha, Teko\u00e1, Juan Caloto, Br Brew, Tribal e Croma al\u00e9m de produ\u00e7\u00f5es colaborativas com cervejarias internacionais, cujos nomes s\u00e3o segredos guardados a sete chaves. Os participantes tamb\u00e9m ganhar\u00e3o o famoso copinho da festa, \u00e1gua \u00e0 vontade e um livreto\/roteiro com a ficha de todas as cervejas e informa\u00e7\u00f5es do festival.<\/p>\n<p>\u201cSer\u00e1 um evento \u00fanico e temos certeza que todos ficar\u00e3o com a boca bem amarga na expectativa para o IPA Day Brasil em Ribeir\u00e3o Preto\u201d, afirma Moschetta.<br \/>\nA lista das cervejas e atra\u00e7\u00f5es ser\u00e3o divulgadas na p\u00e1gina do IPA Day Brasil no Facebook: <a href=\"http:\/\/www.facebook.com\/ipadaybrasil\">www.facebook.com\/ipadaybrasil<\/a>.<\/p>\n<p><strong>Tradi\u00e7\u00e3o<\/strong><br \/>\nEm Ribeir\u00e3o Preto, o IPA Day Brasil est\u00e1 em sua oitava edi\u00e7\u00e3o e ser\u00e1 realizado em 16 de novembro. Em 2018, a organiza\u00e7\u00e3o do evento fechou uma pousada com 50 quartos e criou a Casa da IPA, a hospedagem oficial do evento com diversas atividades cervejeiras e muita IPA. Como o p\u00fablico do evento \u00e9 composto por mais de 60% de turistas, este ano foi firmada parceria com um hotel para hospedar parte dos dois mil participantes.<\/p>\n<p>Os primeiros lotes de ingresso j\u00e1 est\u00e3o esgotados. Os terceiros lotes do IPA Day S\u00e3o Paulo e do passaporte para as duas festas est\u00e3o sendo vendidos pelo Sympla.<\/p>\n<p><strong>Servi\u00e7o:<\/strong><br \/>\n<strong>IPA Day S\u00e3o Paulo<\/strong><br \/>\n<strong>Data: 17 de agosto<\/strong><br \/>\nHor\u00e1rio: 14h \u00e0s 22h<br \/>\nLocal: Cervejaria Tarantino<br \/>\nR. Miguel Nelson Bechara, 316 &#8211; Lim\u00e3o, S\u00e3o Paulo &#8211; SP<br \/>\nIngressos: <a href=\"http:\/\/www.sympla.com.br\/ipadaysp\">www.sympla.com.br\/ipadaysp<\/a><br \/>\n3\u00ba Lote: 200,00<br \/>\n3\u00ba Lote Passaporte IPA Day: 368,00 (SP + RAO) \u2013 vendas at\u00e9 17 de agosto<\/p>\n<p><strong>IPA Day Brasil:<\/strong><br \/>\n<strong>Data: 16 de novembro<\/strong><br \/>\nHor\u00e1rio: 14h \u00e0s 22h<br \/>\nLocal: Quinta Linda Centro de Eventos<br \/>\nIngresso: <a href=\"http:\/\/www.sympla.com.br\/ipaday2019\">www.sympla.com.br\/ipaday2019<\/a><br \/>\nPre\u00e7os:<br \/>\n2\u00ba Lote: 195,00<br \/>\n3\u00ba Lote: 210,00<br \/>\n4\u00ba Lote: 230,00<\/p>\n<p>Fonte\/Cr\u00e9ditos: Assessoria<\/p>\n<hr \/>\n<p>Compartilhe este post com as pessoas em suas redes sociais e marque o perfil. Curta e siga o\u00a0@gastronomidiaoficial no\u00a0<a href=\"https:\/\/www.facebook.com\/gastronomidiaoficial\/\" target=\"_blank\" rel=\"noopener\"><strong>Facebook<\/strong><\/a>\u00a0ou no\u00a0<a href=\"https:\/\/www.instagram.com\/gastronomidiaoficial\/\" target=\"_blank\" rel=\"noopener\"><strong>Instagram<\/strong><\/a>.<\/p>\n<p>N\u00f3s tamb\u00e9m estamos no WhatsApp, adicione o nosso n\u00famero (11) 97725-5667 em seus contatos ou utilize este\u00a0<a href=\"http:\/\/bit.ly\/2JT7zDt\" target=\"_blank\" rel=\"noopener\"><strong>link<\/strong><\/a>\u00a0para falar com a gente.<\/p>\n","protected":false},"excerpt":{"rendered":"<p>Sucesso que h\u00e1 oito anos re\u00fane 2 mil aficionados em Ribeir\u00e3o Preto chega \u00e0 capital paulista em 17 de agosto A capital paulista recebe pela primeira vez o maior festival do mundo dedicado \u00e0s cervejas do estilo India Pale Ale, IPA, dia 17 de agosto, a partir das 14h, na Cervejaria Tarantino. Os ingressos est\u00e3o &hellip;<\/p>\n","protected":false},"author":1,"featured_media":3810,"comment_status":"open","ping_status":"open","sticky":false,"template":"","format":"standard","meta":[],"categories":[158,183,81,130,127,95,129,381,94,446],"tags":[639,656,657,658],"_links":{"self":[{"href":"https:\/\/gastronomidia.com.br\/2021\/wp-json\/wp\/v2\/posts\/3809"}],"collection":[{"href":"https:\/\/gastronomidia.com.br\/2021\/wp-json\/wp\/v2\/posts"}],"about":[{"href":"https:\/\/gastronomidia.com.br\/2021\/wp-json\/wp\/v2\/types\/post"}],"author":[{"embeddable":true,"href":"https:\/\/gastronomidia.com.br\/2021\/wp-json\/wp\/v2\/users\/1"}],"replies":[{"embeddable":true,"href":"https:\/\/gastronomidia.com.br\/2021\/wp-json\/wp\/v2\/comments?post=3809"}],"version-history":[{"count":2,"href":"https:\/\/gastronomidia.com.br\/2021\/wp-json\/wp\/v2\/posts\/3809\/revisions"}],"predecessor-version":[{"id":3812,"href":"https:\/\/gastronomidia.com.br\/2021\/wp-json\/wp\/v2\/posts\/3809\/revisions\/3812"}],"wp:featuredmedia":[{"embeddable":true,"href":"https:\/\/gastronomidia.com.br\/2021\/wp-json\/wp\/v2\/media\/3810"}],"wp:attachment":[{"href":"https:\/\/gastronomidia.com.br\/2021\/wp-json\/wp\/v2\/media?parent=3809"}],"wp:term":[{"taxonomy":"category","embeddable":true,"href":"https:\/\/gastronomidia.com.br\/2021\/wp-json\/wp\/v2\/categories?post=3809"},{"taxonomy":"post_tag","embeddable":true,"href":"https:\/\/gastronomidia.com.br\/2021\/wp-json\/wp\/v2\/tags?post=3809"}],"curies":[{"name":"wp","href":"https:\/\/api.w.org\/{rel}","templated":true}]}}