{"id":3796,"date":"2019-07-31T03:37:32","date_gmt":"2019-07-31T03:37:32","guid":{"rendered":"http:\/\/gastronomidia.com.br\/?p=3796"},"modified":"2019-07-31T03:37:32","modified_gmt":"2019-07-31T03:37:32","slug":"sterna-cafe-tem-festival-de-metodos-de-extracao-no-grande-abc","status":"publish","type":"post","link":"https:\/\/gastronomidia.com.br\/2021\/sterna-cafe-tem-festival-de-metodos-de-extracao-no-grande-abc\/eventos\/","title":{"rendered":"Sterna Caf\u00e9 tem Festival de M\u00e9todos de Extra\u00e7\u00e3o no Grande ABC"},"content":{"rendered":"<p style=\"text-align: center;\" align=\"center\"><i><span style=\"font-family: 'Arial','sans-serif';\">Rede de caf\u00e9s especiais traz gr\u00e3o Labareda Reserva como destaque do m\u00eas<\/span><\/i><\/p>\n<p style=\"text-align: justify;\"><span style=\"font-size: 11.0pt; font-family: 'Arial','sans-serif';\">Quem passa pelas unidades do Sterna Caf\u00e9, al\u00e9m de encontrar gr\u00e3os especiais, pode escolher entre os diversos m\u00e9todos filtrados de extra\u00e7\u00e3o para potencializar o sabor e corpo do caf\u00e9.<\/span><\/p>\n<p style=\"text-align: justify;\"><span style=\"font-size: 11.0pt; font-family: 'Arial','sans-serif';\">No local, os apaixonados pela bebida encontram um verdadeiro Festival de M\u00e9todos que incluem op\u00e7\u00f5es como <strong><span style=\"font-family: 'Arial','sans-serif';\">Hario V60<\/span><\/strong>, que garante um caf\u00e9 limpo e sem res\u00edduos, o <strong><span style=\"font-family: 'Arial','sans-serif';\">Clever<\/span><\/strong>, que serve um caf\u00e9 mais forte e encorpado ou o <strong><span style=\"font-family: 'Arial','sans-serif';\">M\u00e9todo French Press <\/span><\/strong>que \u00e9 indicado para quem deseja um caf\u00e9 mais intenso, j\u00e1 que o tempo de infus\u00e3o \u00e9 maior.<\/span><\/p>\n<p style=\"text-align: justify;\"><span style=\"font-size: 11.0pt; font-family: 'Arial','sans-serif';\">Durante o m\u00eas de agosto, o p\u00fablico poder\u00e1 conhecer e degustar o Caf\u00e9 Labareda Reserva, vindo da regi\u00e3o de Alta Mogiana, em S\u00e3o Paulo.<\/span><\/p>\n<p style=\"text-align: justify;\"><span style=\"font-size: 11.0pt; font-family: 'Arial','sans-serif';\">De corpo delicado e aveludado, com acidez marcante, o gr\u00e3o tem torra m\u00e9dia clara e retrogosto prolongado com notas de morango.<\/span><\/p>\n<p style=\"text-align: justify;\"><span style=\"font-size: 11.0pt; font-family: 'Arial','sans-serif';\">A novidade est\u00e1 dispon\u00edvel em todas as unidades Sterna.<\/span><\/p>\n<p style=\"text-align: justify;\"><span style=\"font-size: 11.0pt; font-family: 'Arial','sans-serif';\">\u00a0<\/span><\/p>\n<p style=\"text-align: justify;\"><strong><span style=\"font-size: 11.0pt; font-family: 'Arial','sans-serif';\">Servi\u00e7o<\/span><\/strong><\/p>\n<p style=\"text-align: justify;\"><strong><span style=\"font-size: 11.0pt; font-family: 'Arial','sans-serif';\">Sterna Caf\u00e9 \u2013 Unidade Santo Andr\u00e9<\/span><\/strong><\/p>\n<p style=\"text-align: justify;\"><span style=\"font-size: 11.0pt; font-family: 'Arial','sans-serif';\">Rua Figueiras, N\u00ba 501 &#8211; Edif\u00edcio Absoluto Jardim \u2013 Santo Andr\u00e9<\/span><\/p>\n<p style=\"text-align: justify;\"><span style=\"font-size: 11.0pt; font-family: 'Arial','sans-serif';\">Telefone: (11) 2191-7316<\/span><\/p>\n<p style=\"text-align: justify;\"><span style=\"font-size: 11.0pt; font-family: 'Arial','sans-serif';\">Hor\u00e1rio de Funcionamento: Segunda \u00e0 Sexta das 08h \u00e0s 19h30<\/span><\/p>\n<p style=\"text-align: justify;\"><span style=\"font-size: 11.0pt; font-family: 'Arial','sans-serif';\">\u00a0<\/span><\/p>\n<p style=\"text-align: justify;\"><strong><span style=\"font-size: 11.0pt; font-family: 'Arial','sans-serif';\">Sterna Caf\u00e9 \u2013 Unidade S\u00e3o Bernardo<\/span><\/strong><\/p>\n<p style=\"text-align: justify;\"><span style=\"font-size: 11.0pt; font-family: 'Arial','sans-serif';\">Av. Pereira Barreto, 1479 &#8211; Condom\u00ednio Helbor Trillogy Home &#8211; Baeta Neves \u2013 SBC<\/span><\/p>\n<p style=\"text-align: justify;\"><span style=\"font-size: 11.0pt; font-family: 'Arial','sans-serif';\">Telefone: (11) 2533-9909<\/span><\/p>\n<p style=\"text-align: justify;\"><span style=\"font-size: 11.0pt; font-family: 'Arial','sans-serif';\">Hor\u00e1rio de Funcionamento: Segunda \u00e0 Sexta das 8h \u00e0s 19h. S\u00e1bado das 8h \u00e0s 14h<\/span><\/p>\n<p style=\"text-align: justify;\"><span style=\"font-size: 11.0pt; font-family: 'Arial','sans-serif';\">\u00a0<\/span><\/p>\n<p style=\"text-align: justify;\"><strong><span style=\"font-size: 11.0pt; font-family: 'Arial','sans-serif';\">Sterna Caf\u00e9 \u2013 Unidade S\u00e3o Caetano<\/span><\/strong><\/p>\n<p style=\"text-align: justify;\"><span style=\"font-size: 11.0pt; font-family: 'Arial','sans-serif';\">Hospital S\u00e3o Luiz &#8211; Rua Bar\u00e3o de Mau\u00e1, 181\u2013 Cer\u00e2mica \u2013 S\u00e3o Caetano<\/span><\/p>\n<p style=\"text-align: justify;\"><span style=\"font-size: 11.0pt; font-family: 'Arial','sans-serif';\">Hor\u00e1rio de Funcionamento: Todos os dias<\/p>\n<p><\/span><\/p>\n<p>Fonte\/Cr\u00e9ditos: Assessoria<\/p>\n<hr \/>\n<p>Compartilhe este post com as pessoas em suas redes sociais e marque o perfil. Curta e siga o\u00a0@gastronomidiaoficial no\u00a0<a href=\"https:\/\/www.facebook.com\/gastronomidiaoficial\/\" target=\"_blank\" rel=\"noopener\"><strong>Facebook<\/strong><\/a>\u00a0ou no\u00a0<a href=\"https:\/\/www.instagram.com\/gastronomidiaoficial\/\" target=\"_blank\" rel=\"noopener\"><strong>Instagram<\/strong><\/a>.<\/p>\n<p>N\u00f3s tamb\u00e9m estamos no WhatsApp, adicione o nosso n\u00famero (11) 97725-5667 em seus contatos ou utilize este\u00a0<a href=\"http:\/\/bit.ly\/2JT7zDt\" target=\"_blank\" rel=\"noopener\"><strong>link<\/strong><\/a>\u00a0para falar com a gente.<\/p>\n<p style=\"text-align: justify;\">\n","protected":false},"excerpt":{"rendered":"<p>Rede de caf\u00e9s especiais traz gr\u00e3o Labareda Reserva como destaque do m\u00eas Quem passa pelas unidades do Sterna Caf\u00e9, al\u00e9m de encontrar gr\u00e3os especiais, pode escolher entre os diversos m\u00e9todos filtrados de extra\u00e7\u00e3o para potencializar o sabor e corpo do caf\u00e9. No local, os apaixonados pela bebida encontram um verdadeiro Festival de M\u00e9todos que incluem &hellip;<\/p>\n","protected":false},"author":1,"featured_media":3797,"comment_status":"open","ping_status":"open","sticky":false,"template":"","format":"standard","meta":[],"categories":[158,81,130,127,95,129,94],"tags":[443,649,442,651,115,609,650],"_links":{"self":[{"href":"https:\/\/gastronomidia.com.br\/2021\/wp-json\/wp\/v2\/posts\/3796"}],"collection":[{"href":"https:\/\/gastronomidia.com.br\/2021\/wp-json\/wp\/v2\/posts"}],"about":[{"href":"https:\/\/gastronomidia.com.br\/2021\/wp-json\/wp\/v2\/types\/post"}],"author":[{"embeddable":true,"href":"https:\/\/gastronomidia.com.br\/2021\/wp-json\/wp\/v2\/users\/1"}],"replies":[{"embeddable":true,"href":"https:\/\/gastronomidia.com.br\/2021\/wp-json\/wp\/v2\/comments?post=3796"}],"version-history":[{"count":2,"href":"https:\/\/gastronomidia.com.br\/2021\/wp-json\/wp\/v2\/posts\/3796\/revisions"}],"predecessor-version":[{"id":3799,"href":"https:\/\/gastronomidia.com.br\/2021\/wp-json\/wp\/v2\/posts\/3796\/revisions\/3799"}],"wp:featuredmedia":[{"embeddable":true,"href":"https:\/\/gastronomidia.com.br\/2021\/wp-json\/wp\/v2\/media\/3797"}],"wp:attachment":[{"href":"https:\/\/gastronomidia.com.br\/2021\/wp-json\/wp\/v2\/media?parent=3796"}],"wp:term":[{"taxonomy":"category","embeddable":true,"href":"https:\/\/gastronomidia.com.br\/2021\/wp-json\/wp\/v2\/categories?post=3796"},{"taxonomy":"post_tag","embeddable":true,"href":"https:\/\/gastronomidia.com.br\/2021\/wp-json\/wp\/v2\/tags?post=3796"}],"curies":[{"name":"wp","href":"https:\/\/api.w.org\/{rel}","templated":true}]}}