{"id":3789,"date":"2019-07-30T04:58:22","date_gmt":"2019-07-30T04:58:22","guid":{"rendered":"http:\/\/gastronomidia.com.br\/?p=3789"},"modified":"2019-07-30T04:58:22","modified_gmt":"2019-07-30T04:58:22","slug":"quem-disse-que-lugar-de-mac-and-cheese-nao-e-no-brasil","status":"publish","type":"post","link":"https:\/\/gastronomidia.com.br\/2021\/quem-disse-que-lugar-de-mac-and-cheese-nao-e-no-brasil\/midia\/","title":{"rendered":"Quem disse que lugar de Mac and Cheese n\u00e3o \u00e9 no Brasil?"},"content":{"rendered":"<p><em>Chef Melchior Neto criou vers\u00e3o do tradicional prato americano<\/em><\/p>\n<p>Queijo cremoso derretido, com fios puxa-puxa e macarr\u00e3o. A combina\u00e7\u00e3o fica ainda mais perfeita com as baixas temperaturas e essa \u00e9 a nova aposta do Gema Restaurante, comandado pelo chef Melchior Neto.<\/p>\n<p>A vers\u00e3o abrasileirada do Mac and Cheese \u00e9 a nova estrela de inverno da casa. A massa escolhida por Melchior foi o macarr\u00e3o caracol que ganha ponto al dente misturado com muito queijo. \u201cAbusei do requeij\u00e3o, cheddar e parmes\u00e3o. O segredo \u00e9 deixar o molho bem cremoso, por isso \u00e9 fundamental que o queijo escolhido derreta bem para n\u00e3o ser apenas um simples macarr\u00e3o\u201d, afirma o chef.<\/p>\n<p>A massa \u00e9 servida na chapa de ferro. Para finalizar, uma farofa crocante de bacon e p\u00e3o de forma integral, al\u00e9m de uma leve ma\u00e7aricada d\u00e3o o toque in\u00e9dito na tradicional receita americana.<\/p>\n<p>O Mac and Cheese j\u00e1 est\u00e1 entre os pratos mais pedidos do restaurante. Para conferir, o Gema fica na Rua Paineiras, 378 \u2013 Santo Andr\u00e9. Para reservas e mais informa\u00e7\u00f5es (11) 4436-3773.<\/p>\n<p>&nbsp;<\/p>\n<p>Quer se aventurar na cozinha e aprender a fazer?<\/p>\n<p>Segue a receita!<\/p>\n<p><strong>\u00a0<\/strong><\/p>\n<p><strong>MAC AND CHEESE <\/strong><\/p>\n<p><em>Por Chef Melchior Neto <\/em><\/p>\n<p>&nbsp;<\/p>\n<p><strong>INGREDIENTES <\/strong><\/p>\n<p>2 x\u00edcaras de macarr\u00e3o caracol<\/p>\n<p>2 colheres de azeite<\/p>\n<p>1 colher de sopa de manteiga<\/p>\n<p>1 colher de caf\u00e9 de a\u00e7afr\u00e3o<\/p>\n<p>200 ml de creme de leite<\/p>\n<p>200 g de requeij\u00e3o<\/p>\n<p>200 g de cheddar<\/p>\n<p>100 g parmes\u00e3o ralado<\/p>\n<p>300 g de bacon picado<\/p>\n<p>&nbsp;<\/p>\n<p><strong>PREPARO<\/strong><\/p>\n<p>Frite o bacon e reserve.<\/p>\n<p>Ferva \u00e1gua com um fio de \u00f3leo e uma pitada de sal.<\/p>\n<p>Deixe a massa ao dente e reserve com azeite para n\u00e3o grudar.<\/p>\n<p>Na mesma frigideira do bacon, coloque uma colher de azeite e uma colher de manteiga, adicione o creme de leite, o a\u00e7afr\u00e3o, o requeij\u00e3o, o cheddar e o parmes\u00e3o. Mexa bem at\u00e9 ficar um creme homog\u00eaneo, misture o macarr\u00e3o. Acomode em um prato, jogue o bacon por cima e pronto. Se gratinar fica melhor ainda !!!<\/p>\n<p>Rendimento: 1 por\u00e7\u00e3o.<\/p>\n<p>&nbsp;<\/p>\n<p>Fonte\/Cr\u00e9ditos: Assessoria<\/p>\n<hr \/>\n<p>Compartilhe este post com as pessoas em suas redes sociais e marque o perfil. Curta e siga o\u00a0@gastronomidiaoficial no\u00a0<a href=\"https:\/\/www.facebook.com\/gastronomidiaoficial\/\" target=\"_blank\" rel=\"noopener\"><strong>Facebook<\/strong><\/a>\u00a0ou no\u00a0<a href=\"https:\/\/www.instagram.com\/gastronomidiaoficial\/\" target=\"_blank\" rel=\"noopener\"><strong>Instagram<\/strong><\/a>.<\/p>\n<p>N\u00f3s tamb\u00e9m estamos no WhatsApp, adicione o nosso n\u00famero (11) 97725-5667 em seus contatos ou utilize este\u00a0<a href=\"http:\/\/bit.ly\/2JT7zDt\" target=\"_blank\" rel=\"noopener\"><strong>link<\/strong><\/a>\u00a0para falar com a gente.<\/p>\n","protected":false},"excerpt":{"rendered":"<p>Chef Melchior Neto criou vers\u00e3o do tradicional prato americano Queijo cremoso derretido, com fios puxa-puxa e macarr\u00e3o. A combina\u00e7\u00e3o fica ainda mais perfeita com as baixas temperaturas e essa \u00e9 a nova aposta do Gema Restaurante, comandado pelo chef Melchior Neto. A vers\u00e3o abrasileirada do Mac and Cheese \u00e9 a nova estrela de inverno da &hellip;<\/p>\n","protected":false},"author":1,"featured_media":3790,"comment_status":"open","ping_status":"open","sticky":false,"template":"","format":"standard","meta":[],"categories":[99,130,95,129,381,100,446],"tags":[77,642,121,643,644,402,107,645,503],"_links":{"self":[{"href":"https:\/\/gastronomidia.com.br\/2021\/wp-json\/wp\/v2\/posts\/3789"}],"collection":[{"href":"https:\/\/gastronomidia.com.br\/2021\/wp-json\/wp\/v2\/posts"}],"about":[{"href":"https:\/\/gastronomidia.com.br\/2021\/wp-json\/wp\/v2\/types\/post"}],"author":[{"embeddable":true,"href":"https:\/\/gastronomidia.com.br\/2021\/wp-json\/wp\/v2\/users\/1"}],"replies":[{"embeddable":true,"href":"https:\/\/gastronomidia.com.br\/2021\/wp-json\/wp\/v2\/comments?post=3789"}],"version-history":[{"count":2,"href":"https:\/\/gastronomidia.com.br\/2021\/wp-json\/wp\/v2\/posts\/3789\/revisions"}],"predecessor-version":[{"id":3792,"href":"https:\/\/gastronomidia.com.br\/2021\/wp-json\/wp\/v2\/posts\/3789\/revisions\/3792"}],"wp:featuredmedia":[{"embeddable":true,"href":"https:\/\/gastronomidia.com.br\/2021\/wp-json\/wp\/v2\/media\/3790"}],"wp:attachment":[{"href":"https:\/\/gastronomidia.com.br\/2021\/wp-json\/wp\/v2\/media?parent=3789"}],"wp:term":[{"taxonomy":"category","embeddable":true,"href":"https:\/\/gastronomidia.com.br\/2021\/wp-json\/wp\/v2\/categories?post=3789"},{"taxonomy":"post_tag","embeddable":true,"href":"https:\/\/gastronomidia.com.br\/2021\/wp-json\/wp\/v2\/tags?post=3789"}],"curies":[{"name":"wp","href":"https:\/\/api.w.org\/{rel}","templated":true}]}}