{"id":3662,"date":"2019-02-25T16:54:24","date_gmt":"2019-02-25T16:54:24","guid":{"rendered":"http:\/\/gastronomidia.com.br\/?p=3662"},"modified":"2019-02-25T17:05:44","modified_gmt":"2019-02-25T17:05:44","slug":"restaurante-africano-e-eleito-o-melhor-do-mundo","status":"publish","type":"post","link":"https:\/\/gastronomidia.com.br\/2021\/restaurante-africano-e-eleito-o-melhor-do-mundo\/eventos\/","title":{"rendered":"Restaurante africano \u00e9 eleito o melhor do mundo"},"content":{"rendered":"<p>Um pequeno restaurante de praia em uma vila de pescadores isolada da \u00c1frica do Sul foi eleito o melhor do mundo.<\/p>\n<p>O chef Kobus van der Merwe, que n\u00e3o come\u00e7ou a cozinhar seriamente at\u00e9 os 30 anos, busca diariamente ingredientes na costa atl\u00e2ntica selvagem, perto de seu restaurante Wolfgat, onde tamb\u00e9m faz seu pr\u00f3prio p\u00e3o com manteiga.<\/p>\n<p>O Wolfgat \u2014 cujos seis funcion\u00e1rios n\u00e3o t\u00eam instru\u00e7\u00e3o formal \u2014 abriu h\u00e1 apenas dois anos numa cabana de 130 anos e caverna na praia de Paternoster.<\/p>\n<div id=\"ad-inread-1x1\" class=\"ad gpt ad-h-1\" data-ad-pos=\"inread\" data-ad-size=\"1x1\" data-google-query-id=\"CLrUr76s1-ACFcFmwQodiHoG3g\" data-ad-slot-rendered=\"1\" data-rendered-size=\"1x1\">\n<div id=\"google_ads_iframe_\/4145\/fnc\/food-drink_1__container__\"><img loading=\"lazy\" class=\"aligncenter size-full wp-image-3667\" src=\"http:\/\/gastronomidia.com.br\/2021\/wp-content\/uploads\/2019\/02\/Wolfgat-restaurante-da-\u00c1frica-do-Sul-foto-1.png\" alt=\"\" width=\"477\" height=\"602\" srcset=\"https:\/\/gastronomidia.com.br\/2021\/wp-content\/uploads\/2019\/02\/Wolfgat-restaurante-da-\u00c1frica-do-Sul-foto-1.png 477w, https:\/\/gastronomidia.com.br\/2021\/wp-content\/uploads\/2019\/02\/Wolfgat-restaurante-da-\u00c1frica-do-Sul-foto-1-238x300.png 238w\" sizes=\"(max-width: 477px) 100vw, 477px\" \/><\/div>\n<\/div>\n<p>O estabelecimento do chef de 38 anos tem capacidade para sentar apenas 20 pessoas. Seu card\u00e1pio de degusta\u00e7\u00e3o de sete pratos custa o equivalente a 53 euros (quase R$ 225), uma fra\u00e7\u00e3o do que voc\u00ea pagaria em uma das principais mesas de Paris.<\/p>\n<p>Mas seu ambiente humilde e a cren\u00e7a de Van der Merwe na cozinha sustent\u00e1vel, de volta ao b\u00e1sico, conquistaram os ju\u00edzes da primeira edi\u00e7\u00e3o do World Restaurant Awards, na capital francesa, nesta segunda-feira.<\/p>\n<p>\u2014 Eu n\u00e3o me sinto digno [do pr\u00eamio]. \u00c9 um grande t\u00edtulo. Minha equipe que sai todos os dias para colher ervas, suculentas e espinafre deveria estar aqui \u2014 ressaltou o chef. \u2014 Mal posso esperar para celebrar com eles com uma grande ta\u00e7a de vinho sul-africano.<\/p>\n<p>Com pratos como algas marinhas cozidas, peixe-anjo e alho selvagem, mexilh\u00f5es e vegetais do mar colhidos na hora, Wolfgat tamb\u00e9m ganhou o pr\u00eamio de melhor &#8220;Destino Fora do Mapa&#8221;.<\/p>\n<p>O barbudo ex-jornalista disse que, al\u00e9m da influ\u00eancia das especiarias sutis da cozinha local, sua filosofia era &#8220;interferir o m\u00ednimo poss\u00edvel nos produtos e mant\u00ea-los puros e crus&#8221;.<\/p>\n<p>Sem hierarquia na cozinha, todos os funcion\u00e1rios realizam todas as tarefas.<\/p>\n<p>O animado Mocot\u00f3, de S\u00e3o Paulo, ganhou a categoria &#8220;Sem necessidade de reserva&#8221;, enquanto o pr\u00eamio especial da casa foi para o mais refinado da It\u00e1lia, o Lido 84 \u2014 com vista para o Lago de Garda &#8211; que ferve seu macarr\u00e3o dentro da bexiga de um porco.<\/p>\n<p>&nbsp;<\/p>\n<p>Fonte: extra.globo.com<\/p>\n<hr \/>\n<p>Compartilhe este post com as pessoas em suas redes sociais e marque o perfil. Curta e siga o\u00a0@gastronomidiaoficial no\u00a0<a href=\"https:\/\/www.facebook.com\/gastronomidiaoficial\/\" target=\"_blank\" rel=\"noopener\"><strong>Facebook<\/strong><\/a>\u00a0ou no\u00a0<a href=\"https:\/\/www.instagram.com\/gastronomidiaoficial\/\" target=\"_blank\" rel=\"noopener\"><strong>Instagram<\/strong><\/a>.<\/p>\n<p>N\u00f3s tamb\u00e9m estamos no WhatsApp, adicione o nosso n\u00famero (11) 97725-5667 em seus contatos ou utilize este\u00a0<a href=\"http:\/\/bit.ly\/2JT7zDt\" target=\"_blank\" rel=\"noopener\"><strong>link<\/strong><\/a>\u00a0para falar com a gente<\/p>\n","protected":false},"excerpt":{"rendered":"<p>Um pequeno restaurante de praia em uma vila de pescadores isolada da \u00c1frica do Sul foi eleito o melhor do mundo. O chef Kobus van der Merwe, que n\u00e3o come\u00e7ou a cozinhar seriamente at\u00e9 os 30 anos, busca diariamente ingredientes na costa atl\u00e2ntica selvagem, perto de seu restaurante Wolfgat, onde tamb\u00e9m faz seu pr\u00f3prio p\u00e3o &hellip;<\/p>\n","protected":false},"author":1,"featured_media":3668,"comment_status":"open","ping_status":"open","sticky":false,"template":"","format":"standard","meta":[],"categories":[136,81,130,381],"tags":[595,596,90],"_links":{"self":[{"href":"https:\/\/gastronomidia.com.br\/2021\/wp-json\/wp\/v2\/posts\/3662"}],"collection":[{"href":"https:\/\/gastronomidia.com.br\/2021\/wp-json\/wp\/v2\/posts"}],"about":[{"href":"https:\/\/gastronomidia.com.br\/2021\/wp-json\/wp\/v2\/types\/post"}],"author":[{"embeddable":true,"href":"https:\/\/gastronomidia.com.br\/2021\/wp-json\/wp\/v2\/users\/1"}],"replies":[{"embeddable":true,"href":"https:\/\/gastronomidia.com.br\/2021\/wp-json\/wp\/v2\/comments?post=3662"}],"version-history":[{"count":3,"href":"https:\/\/gastronomidia.com.br\/2021\/wp-json\/wp\/v2\/posts\/3662\/revisions"}],"predecessor-version":[{"id":3669,"href":"https:\/\/gastronomidia.com.br\/2021\/wp-json\/wp\/v2\/posts\/3662\/revisions\/3669"}],"wp:featuredmedia":[{"embeddable":true,"href":"https:\/\/gastronomidia.com.br\/2021\/wp-json\/wp\/v2\/media\/3668"}],"wp:attachment":[{"href":"https:\/\/gastronomidia.com.br\/2021\/wp-json\/wp\/v2\/media?parent=3662"}],"wp:term":[{"taxonomy":"category","embeddable":true,"href":"https:\/\/gastronomidia.com.br\/2021\/wp-json\/wp\/v2\/categories?post=3662"},{"taxonomy":"post_tag","embeddable":true,"href":"https:\/\/gastronomidia.com.br\/2021\/wp-json\/wp\/v2\/tags?post=3662"}],"curies":[{"name":"wp","href":"https:\/\/api.w.org\/{rel}","templated":true}]}}