{"id":3654,"date":"2019-02-21T13:56:21","date_gmt":"2019-02-21T13:56:21","guid":{"rendered":"http:\/\/gastronomidia.com.br\/?p=3654"},"modified":"2019-02-21T13:58:16","modified_gmt":"2019-02-21T13:58:16","slug":"smirnoff-ice-lanca-pochete-cooler-para-o-carnaval","status":"publish","type":"post","link":"https:\/\/gastronomidia.com.br\/2021\/smirnoff-ice-lanca-pochete-cooler-para-o-carnaval\/novidades\/","title":{"rendered":"Smirnoff Ice lan\u00e7a pochete cooler para o Carnaval"},"content":{"rendered":"<p>As pochetes voltaram e j\u00e1 fazem parte do look atual. Pensando nisso a Smirnoff Ice est\u00e1 lan\u00e7ando um\u00a0modelo perfeito\u00a0para quem gosta de curtir a festa nas ruas: a <strong>Pochete Cooler.<\/strong><\/p>\n<p><img loading=\"lazy\" class=\"aligncenter size-full wp-image-3657\" src=\"http:\/\/gastronomidia.com.br\/2021\/wp-content\/uploads\/2019\/02\/smirnoff-ice-lanca-pochete-cooler-para-os-amantes-do-carnaval-img-1.jpg\" alt=\"\" width=\"980\" height=\"480\" srcset=\"https:\/\/gastronomidia.com.br\/2021\/wp-content\/uploads\/2019\/02\/smirnoff-ice-lanca-pochete-cooler-para-os-amantes-do-carnaval-img-1.jpg 980w, https:\/\/gastronomidia.com.br\/2021\/wp-content\/uploads\/2019\/02\/smirnoff-ice-lanca-pochete-cooler-para-os-amantes-do-carnaval-img-1-300x147.jpg 300w\" sizes=\"(max-width: 980px) 100vw, 980px\" \/><\/p>\n<p>S\u00edmbolo fashion dos anos 90, a pochete voltou repaginada para as passarelas internacionais e j\u00e1 virou moda novamente.<\/p>\n<p>O conceito foi criado pela CP+B Brasil e a novidade tamb\u00e9m ir\u00e1 sustentar toda a estrat\u00e9gia de comunica\u00e7\u00e3o da marca que incluiu o lan\u00e7amento da nova embalagem e da nova f\u00f3rmula com o sabor original.<\/p>\n<figure class=\"wp-block-embed-youtube aligncenter wp-block-embed is-type-video is-provider-youtube wp-embed-aspect-16-9 wp-has-aspect-ratio\">\n<div class=\"wp-block-embed__wrapper\"><iframe src=\"https:\/\/www.youtube.com\/embed\/UzbmE2frq7k?feature=oembed\" width=\"600\" height=\"338\" frameborder=\"0\" allowfullscreen=\"allowfullscreen\" data-mce-fragment=\"1\"><\/iframe><\/div>\n<\/figure>\n<p>A campanha mostra alguns elementos do lifestyle e da moda dos anos 90, mesma \u00e9poca do surgimento de Ice e que at\u00e9 hoje s\u00e3o considerados tend\u00eancia.<\/p>\n<p>\u201c<em>Smirnoff Ice \u00e9 um produto que nasceu nos anos 90 e continua em alta at\u00e9 hoje. O carnaval \u00e9 um per\u00edodo muito importante para a marca e n\u00e3o poder\u00edamos deixar de marcar presen\u00e7a com mais uma inova\u00e7\u00e3o.<\/em>\u201d conta Jo\u00e3o Matos, gerente de Marketing da Diageo do Brasil.<\/p>\n<p>A pe\u00e7a, em edi\u00e7\u00e3o limitada, poder\u00e1 ser comprada no\u00a0<strong><a href=\"http:\/\/www.thebar.com\/\" target=\"_blank\" rel=\"noreferrer noopener\" aria-label=\"The Bar (abre em uma nova aba)\">The Bar<\/a><\/strong>, e-commerce da Diageo, e em pontos de vendas selecionados.<\/p>\n<p>&nbsp;<\/p>\n<p>Fonte: Publicit\u00e1rios Criativos.<\/p>\n<hr \/>\n<p>Compartilhe este post com as pessoas em suas redes sociais e marque o perfil. Curta e siga o\u00a0@gastronomidiaoficial no\u00a0<a href=\"https:\/\/www.facebook.com\/gastronomidiaoficial\/\" target=\"_blank\" rel=\"noopener\"><strong>Facebook<\/strong><\/a>\u00a0ou no\u00a0<a href=\"https:\/\/www.instagram.com\/gastronomidiaoficial\/\" target=\"_blank\" rel=\"noopener\"><strong>Instagram<\/strong><\/a>.<\/p>\n<p>N\u00f3s tamb\u00e9m estamos no WhatsApp, adicione o nosso n\u00famero (11) 97725-5667 em seus contatos ou utilize este\u00a0<a href=\"http:\/\/bit.ly\/2JT7zDt\" target=\"_blank\" rel=\"noopener\"><strong>link<\/strong><\/a>\u00a0para falar com a gente<\/p>\n","protected":false},"excerpt":{"rendered":"<p>As pochetes voltaram e j\u00e1 fazem parte do look atual. Pensando nisso a Smirnoff Ice est\u00e1 lan\u00e7ando um\u00a0modelo perfeito\u00a0para quem gosta de curtir a festa nas ruas: a Pochete Cooler. S\u00edmbolo fashion dos anos 90, a pochete voltou repaginada para as passarelas internacionais e j\u00e1 virou moda novamente. O conceito foi criado pela CP+B Brasil &hellip;<\/p>\n","protected":false},"author":1,"featured_media":3656,"comment_status":"open","ping_status":"open","sticky":false,"template":"","format":"standard","meta":[],"categories":[158,183,136,127,381,94,128],"tags":[594,592,593],"_links":{"self":[{"href":"https:\/\/gastronomidia.com.br\/2021\/wp-json\/wp\/v2\/posts\/3654"}],"collection":[{"href":"https:\/\/gastronomidia.com.br\/2021\/wp-json\/wp\/v2\/posts"}],"about":[{"href":"https:\/\/gastronomidia.com.br\/2021\/wp-json\/wp\/v2\/types\/post"}],"author":[{"embeddable":true,"href":"https:\/\/gastronomidia.com.br\/2021\/wp-json\/wp\/v2\/users\/1"}],"replies":[{"embeddable":true,"href":"https:\/\/gastronomidia.com.br\/2021\/wp-json\/wp\/v2\/comments?post=3654"}],"version-history":[{"count":3,"href":"https:\/\/gastronomidia.com.br\/2021\/wp-json\/wp\/v2\/posts\/3654\/revisions"}],"predecessor-version":[{"id":3661,"href":"https:\/\/gastronomidia.com.br\/2021\/wp-json\/wp\/v2\/posts\/3654\/revisions\/3661"}],"wp:featuredmedia":[{"embeddable":true,"href":"https:\/\/gastronomidia.com.br\/2021\/wp-json\/wp\/v2\/media\/3656"}],"wp:attachment":[{"href":"https:\/\/gastronomidia.com.br\/2021\/wp-json\/wp\/v2\/media?parent=3654"}],"wp:term":[{"taxonomy":"category","embeddable":true,"href":"https:\/\/gastronomidia.com.br\/2021\/wp-json\/wp\/v2\/categories?post=3654"},{"taxonomy":"post_tag","embeddable":true,"href":"https:\/\/gastronomidia.com.br\/2021\/wp-json\/wp\/v2\/tags?post=3654"}],"curies":[{"name":"wp","href":"https:\/\/api.w.org\/{rel}","templated":true}]}}