{"id":3646,"date":"2019-02-14T12:02:10","date_gmt":"2019-02-14T12:02:10","guid":{"rendered":"http:\/\/gastronomidia.com.br\/?p=3646"},"modified":"2019-02-14T12:20:58","modified_gmt":"2019-02-14T12:20:58","slug":"por-risco-de-salmonella-brf-faz-recall-de-produtos-perdigao","status":"publish","type":"post","link":"https:\/\/gastronomidia.com.br\/2021\/por-risco-de-salmonella-brf-faz-recall-de-produtos-perdigao\/midia\/","title":{"rendered":"Por risco de Salmonella, BRF faz recall de produtos Perdig\u00e3o"},"content":{"rendered":"<h5 class=\"article-subtitle\">A empresa retirou os lotes do mercado e avisa aos consumidores para checarem em suas casas<\/h5>\n<p>Em comunicado oficial nesta quarta-feira (13), a BRF est\u00e1 avisando aos consumidores da marca\u00a0<strong>Perdig\u00e3o<\/strong>\u00a0que h\u00e1 um risco da presen\u00e7a da\u00a0<strong>bact\u00e9ria\u00a0<em>Salmonella enteritidis<\/em><\/strong>\u00a0em alguns lotes de produtos.<\/p>\n<p>Em seu site, a empresa divulgou que 164 toneladas de cortes e mi\u00fados de frango in natura podem estar contaminadas. Por isso, est\u00e1 retirando os produtos do mercado, mas avisa aos consumidores que j\u00e1 adquiriram que confiram as embalagens.<\/p>\n<p>Os produtos s\u00e3o cortes congelados de coxas e sobrecoxas, meio peito sem osso e sem pele, filezinho (sassami), mi\u00fados\/cora\u00e7\u00e3o e fil\u00e9 de peito \u2013 todos\u00a0produzidos na f\u00e1brica de Dourados (SIF 18), no Mato Grosso do Sul, nos dias 30 de outubro e 5, 6, 7, 9, 10 e 12 de novembro de 2018. \u201cO consumidor deve checar nome, peso, marca, data de fabrica\u00e7\u00e3o e origem dos produtos na embalagem\u201d, orienta a marca.<\/p>\n<p>Se voc\u00ea identificar um produto com essas caracter\u00edsticas,\u00a0entre em contato por meio do e- mail\u00a0<a href=\"mailto:recolhimento.sac@brf-br.com\">recolhimento.sac@brf-br.com<\/a>\u00a0ou ligue para o 0800-0311315.<\/p>\n<p>E n\u00e3o se apavore se andou consumindo esses produtos da Perdig\u00e3o: a Salmonella n\u00e3o sobrevive em altas temperaturas.\u00a0\u201cEsse microrganismo n\u00e3o sobrevive se o alimento for cozido, frito ou assado, o que \u00e9 a regra no consumo de produtos de frango\u00a0<i>in natura<\/i>, conforme descrito na embalagem\u201d, afirma a BRF.<\/p>\n<p>Fonte:\u00a0Daniella Grinbergas \\ mdemulher.abril.com.br<\/p>\n<hr \/>\n<p>Compartilhe este post com as pessoas em suas redes sociais e marque o perfil. Curta e siga o\u00a0@gastronomidiaoficial no\u00a0<a href=\"https:\/\/www.facebook.com\/gastronomidiaoficial\/\" target=\"_blank\" rel=\"noopener\"><strong>Facebook<\/strong><\/a>\u00a0ou no\u00a0<a href=\"https:\/\/www.instagram.com\/gastronomidiaoficial\/\" target=\"_blank\" rel=\"noopener\"><strong>Instagram<\/strong><\/a>.<\/p>\n<p>N\u00f3s tamb\u00e9m estamos no WhatsApp, adicione o nosso n\u00famero (11) 97725-5667 em seus contatos ou utilize este\u00a0<a href=\"http:\/\/bit.ly\/2JT7zDt\" target=\"_blank\" rel=\"noopener\"><strong>link<\/strong><\/a>\u00a0para falar com a gente<\/p>\n","protected":false},"excerpt":{"rendered":"<p>A empresa retirou os lotes do mercado e avisa aos consumidores para checarem em suas casas Em comunicado oficial nesta quarta-feira (13), a BRF est\u00e1 avisando aos consumidores da marca\u00a0Perdig\u00e3o\u00a0que h\u00e1 um risco da presen\u00e7a da\u00a0bact\u00e9ria\u00a0Salmonella enteritidis\u00a0em alguns lotes de produtos. Em seu site, a empresa divulgou que 164 toneladas de cortes e mi\u00fados de &hellip;<\/p>\n","protected":false},"author":1,"featured_media":3647,"comment_status":"open","ping_status":"open","sticky":false,"template":"","format":"standard","meta":[],"categories":[136,95,381,235],"tags":[590,589,591],"_links":{"self":[{"href":"https:\/\/gastronomidia.com.br\/2021\/wp-json\/wp\/v2\/posts\/3646"}],"collection":[{"href":"https:\/\/gastronomidia.com.br\/2021\/wp-json\/wp\/v2\/posts"}],"about":[{"href":"https:\/\/gastronomidia.com.br\/2021\/wp-json\/wp\/v2\/types\/post"}],"author":[{"embeddable":true,"href":"https:\/\/gastronomidia.com.br\/2021\/wp-json\/wp\/v2\/users\/1"}],"replies":[{"embeddable":true,"href":"https:\/\/gastronomidia.com.br\/2021\/wp-json\/wp\/v2\/comments?post=3646"}],"version-history":[{"count":5,"href":"https:\/\/gastronomidia.com.br\/2021\/wp-json\/wp\/v2\/posts\/3646\/revisions"}],"predecessor-version":[{"id":3653,"href":"https:\/\/gastronomidia.com.br\/2021\/wp-json\/wp\/v2\/posts\/3646\/revisions\/3653"}],"wp:featuredmedia":[{"embeddable":true,"href":"https:\/\/gastronomidia.com.br\/2021\/wp-json\/wp\/v2\/media\/3647"}],"wp:attachment":[{"href":"https:\/\/gastronomidia.com.br\/2021\/wp-json\/wp\/v2\/media?parent=3646"}],"wp:term":[{"taxonomy":"category","embeddable":true,"href":"https:\/\/gastronomidia.com.br\/2021\/wp-json\/wp\/v2\/categories?post=3646"},{"taxonomy":"post_tag","embeddable":true,"href":"https:\/\/gastronomidia.com.br\/2021\/wp-json\/wp\/v2\/tags?post=3646"}],"curies":[{"name":"wp","href":"https:\/\/api.w.org\/{rel}","templated":true}]}}