{"id":3585,"date":"2019-01-25T13:08:37","date_gmt":"2019-01-25T13:08:37","guid":{"rendered":"http:\/\/gastronomidia.com.br\/?p=3585"},"modified":"2019-01-25T13:15:39","modified_gmt":"2019-01-25T13:15:39","slug":"restaurantes-para-comemorar-o-aniversario-de-sao-paulo","status":"publish","type":"post","link":"https:\/\/gastronomidia.com.br\/2021\/restaurantes-para-comemorar-o-aniversario-de-sao-paulo\/novidades\/","title":{"rendered":"Restaurantes para comemorar o anivers\u00e1rio de S\u00e3o Paulo"},"content":{"rendered":"<p>Hoje dia 25 de janeiro\u00a0a cidade de S\u00e3o Paulo comemora 465 anos. Pensando nisso separamos alguns\u00a0restaurantes que v\u00e3o celebrar a data com promo\u00e7\u00f5es ou pratos especiais.<\/p>\n<p style=\"text-align: left;\">Aproveite para conhecer a cidade e provar del\u00edcias t\u00edpicas que entram nos card\u00e1pios de estabelecimentos ao redor de S\u00e3o Paulo. Na companhia de amigos, amor ou familiares, veja abaixo <b>5 restaurantes para voc\u00ea comemorar o anivers\u00e1rio de S\u00e3o Paulo!<\/b><\/p>\n<p><img loading=\"lazy\" class=\"aligncenter size-large wp-image-3586\" src=\"http:\/\/gastronomidia.com.br\/2021\/wp-content\/uploads\/2019\/01\/st.-chico_panini-mortadela-02_wellington-nemeth-1170x780.jpg\" alt=\"\" width=\"1170\" height=\"780\" srcset=\"https:\/\/gastronomidia.com.br\/2021\/wp-content\/uploads\/2019\/01\/st.-chico_panini-mortadela-02_wellington-nemeth-1170x781.jpg 1170w, https:\/\/gastronomidia.com.br\/2021\/wp-content\/uploads\/2019\/01\/st.-chico_panini-mortadela-02_wellington-nemeth-300x200.jpg 300w, https:\/\/gastronomidia.com.br\/2021\/wp-content\/uploads\/2019\/01\/st.-chico_panini-mortadela-02_wellington-nemeth.jpg 1200w\" sizes=\"(max-width: 1170px) 100vw, 1170px\" \/><\/p>\n<h4 class=\"gallery-image-title\">St. Chico<\/h4>\n<div class=\"gallery-image-description\">\n<p>A padaria artesanal\u00a0<strong><a href=\"https:\/\/www.facebook.com\/pg\/stchicopadaria\/about\/\">St. Chico<\/a><\/strong>, em comemora\u00e7\u00e3o aos 465 anos da cidade, criou uma panini especial. A\u00a0<b>Panini de Mortadela<\/b>\u00a0(R$ 14,50), \u00e9 servida na foccaccia com mostarda de Dijon, r\u00facula e tomate. O prato estar\u00e1 dispon\u00edvel entre os dias 15\/01 e 30\/01. A casa ainda tem op\u00e7\u00e3o de servir o recheio na ciabatta, baguete e at\u00e9 no p\u00e3o franc\u00eas.<\/p>\n<p><strong>Endere\u00e7o:<\/strong>\u00a0Rua Fern\u00e3o Dias &#8211; Pinheiros.<\/p>\n<p>&nbsp;<\/p>\n<p><img loading=\"lazy\" class=\"aligncenter size-full wp-image-3588\" src=\"http:\/\/gastronomidia.com.br\/2021\/wp-content\/uploads\/2019\/01\/50335266_1321388094652944_2399643913842327552_n.png\" alt=\"\" width=\"850\" height=\"320\" srcset=\"https:\/\/gastronomidia.com.br\/2021\/wp-content\/uploads\/2019\/01\/50335266_1321388094652944_2399643913842327552_n.png 850w, https:\/\/gastronomidia.com.br\/2021\/wp-content\/uploads\/2019\/01\/50335266_1321388094652944_2399643913842327552_n-300x113.png 300w\" sizes=\"(max-width: 850px) 100vw, 850px\" \/><\/p>\n<\/div>\n<p>&nbsp;<\/p>\n<div class=\"gallery-image-description\">\n<h4 class=\"gallery-image-title\">Tradi<\/h4>\n<div class=\"gallery-image-description\">\n<p>Em homenagem ao dia 25 de janeiro, anivers\u00e1rio de S\u00e3o Paulo, a\u00a0<strong><a href=\"http:\/\/www.hamburgueriatradi.com.br\/\">Tradi<\/a><\/strong>, apresenta o\u00a0<strong>Paca<\/strong>, sandu\u00edche que leva p\u00e3o de hamb\u00farguer, suculentos peda\u00e7os de pernil, vinagrete artesanal e queijo derretido.<\/p>\n<p><strong>Endere\u00e7o:\u00a0<\/strong>Rua Diogo J\u00e1come, 391 \u2013 Vila Nova Concei\u00e7\u00e3o.<\/p>\n<p>&nbsp;<\/p>\n<\/div>\n<p><img loading=\"lazy\" class=\"aligncenter size-full wp-image-3589\" src=\"http:\/\/gastronomidia.com.br\/2021\/wp-content\/uploads\/2019\/01\/estufada-01-alta.jpg\" alt=\"\" width=\"920\" height=\"613\" srcset=\"https:\/\/gastronomidia.com.br\/2021\/wp-content\/uploads\/2019\/01\/estufada-01-alta.jpg 920w, https:\/\/gastronomidia.com.br\/2021\/wp-content\/uploads\/2019\/01\/estufada-01-alta-300x200.jpg 300w\" sizes=\"(max-width: 920px) 100vw, 920px\" \/><\/p>\n<h4 class=\"gallery-image-title\">Casa da Pizza Estufada<\/h4>\n<div class=\"gallery-image-description\">\n<p>Para celebrar o anivers\u00e1rio da cidade de S\u00e3o Paulo, do dia 21 de janeiro ao dia 27 de janeiro, A\u00a0<strong><a href=\"http:\/\/www.acasadapizzaestufada.com.br\/\">Casa da Pizza Estufada<\/a><\/strong>\u00a0preparou uma pizza especial para a data. Trata-se da\u00a0<strong>Estufada Sampa<\/strong>, uma releitura do virado \u00e0 paulista, com calabresa, ovo, alho-por\u00f3 e mussarela. Custa R$89 uma pizza de oito fatias.<\/p>\n<p><strong>Endere\u00e7o:<\/strong>\u00a0Rua Jos\u00e9 Jannarelli, 437 &#8211; Morumbi.<\/p>\n<p>&nbsp;<\/p>\n<\/div>\n<p><img loading=\"lazy\" class=\"aligncenter size-full wp-image-3590\" src=\"http:\/\/gastronomidia.com.br\/2021\/wp-content\/uploads\/2019\/01\/prato-do-restaurante-bacalhau-vinho-e-cia-na-barra-funda-guilherme-tosetto.jpeg\" alt=\"\" width=\"928\" height=\"552\" srcset=\"https:\/\/gastronomidia.com.br\/2021\/wp-content\/uploads\/2019\/01\/prato-do-restaurante-bacalhau-vinho-e-cia-na-barra-funda-guilherme-tosetto.jpeg 928w, https:\/\/gastronomidia.com.br\/2021\/wp-content\/uploads\/2019\/01\/prato-do-restaurante-bacalhau-vinho-e-cia-na-barra-funda-guilherme-tosetto-300x178.jpeg 300w\" sizes=\"(max-width: 928px) 100vw, 928px\" \/><\/p>\n<h4 class=\"gallery-image-title\">Bacalhau, Vinho &amp; Cia<\/h4>\n<div class=\"gallery-image-description\">\n<p>O restaurante portugu\u00eas\u00a0<strong><a href=\"http:\/\/www.bacalhauevinho.com.br\/\">Bacalhau, Vinho &amp; Cia<\/a>\u00a0<\/strong>criou um menu especial com o tradicional\u00a0<strong>Camar\u00e3o a Paulista,\u00a0<\/strong>camar\u00f5es fritos inteiros ao alho e \u00f3leo, acompanhados de arroz branco, batatas fritas, uma ta\u00e7a de vinho branco, e a cl\u00e1ssica bandeja de doces portugueses para sobremesa, ao custo de R$ 120,00 para uma a duas pessoas, ou R$ 180,00 para 2 a 3 pessoas.<\/p>\n<p><strong>Endere\u00e7o:\u00a0<\/strong>Rua Barra Funda, 1067 &#8211; Barra Funda.<\/p>\n<p>&nbsp;<\/p>\n<p><img loading=\"lazy\" class=\"aligncenter size-large wp-image-3591\" src=\"http:\/\/gastronomidia.com.br\/2021\/wp-content\/uploads\/2019\/01\/1900-pizza-mortadela-1170x780.jpg\" alt=\"\" width=\"1170\" height=\"780\" srcset=\"https:\/\/gastronomidia.com.br\/2021\/wp-content\/uploads\/2019\/01\/1900-pizza-mortadela-1170x781.jpg 1170w, https:\/\/gastronomidia.com.br\/2021\/wp-content\/uploads\/2019\/01\/1900-pizza-mortadela-300x200.jpg 300w, https:\/\/gastronomidia.com.br\/2021\/wp-content\/uploads\/2019\/01\/1900-pizza-mortadela.jpg 2000w\" sizes=\"(max-width: 1170px) 100vw, 1170px\" \/><\/p>\n<h4 class=\"gallery-image-title\">1900 Pizzeria<\/h4>\n<div class=\"gallery-image-description\">\n<p>A\u00a0<strong><a href=\"http:\/\/www.1900.com.br\/\">1900 Pizzeria\u00a0<\/a><\/strong>comemora os 465 anos de S\u00e3o Paulo trazendo de volta ao card\u00e1pio a pizza\u00a0<strong>San Paolo<\/strong>, feita com Mortadela Ceratti com lim\u00e3o siciliano, mozzarela e pistache; custa R$ 86,20. A novidade ficar\u00e1 no card\u00e1pio entre os dias 21 de janeiro ao dia 20 de fevereiro em todas as unidades da rede.<\/p>\n<p>Veja a unidade mais pr\u00f3xima de voc\u00ea\u00a0<a href=\"http:\/\/www.1900.com.br\/\">aqui.<\/a><\/p>\n<p>&nbsp;<\/p>\n<\/div>\n<\/div>\n<\/div>\n<p style=\"font-weight: 400; text-align: left;\">Fonte: Guia da semana.<\/p>\n<hr \/>\n<p style=\"text-align: left;\">Compartilhe este post com as pessoas em suas redes sociais e marque o perfil. Curta e siga o\u00a0@gastronomidiaoficial no\u00a0<a href=\"https:\/\/www.facebook.com\/gastronomidiaoficial\/\" target=\"_blank\" rel=\"noopener\"><strong>Facebook<\/strong><\/a>\u00a0ou no\u00a0<a href=\"https:\/\/www.instagram.com\/gastronomidiaoficial\/\" target=\"_blank\" rel=\"noopener\"><strong>Instagram<\/strong><\/a>.<\/p>\n<p style=\"text-align: left;\">N\u00f3s tamb\u00e9m estamos no WhatsApp, adicione o nosso n\u00famero (11) 97725-5667 em seus contatos ou utilize este\u00a0<a href=\"http:\/\/bit.ly\/2JT7zDt\" target=\"_blank\" rel=\"noopener\"><strong>link<\/strong><\/a>\u00a0para falar com a gente.<\/p>\n","protected":false},"excerpt":{"rendered":"<p>Hoje dia 25 de janeiro\u00a0a cidade de S\u00e3o Paulo comemora 465 anos. Pensando nisso separamos alguns\u00a0restaurantes que v\u00e3o celebrar a data com promo\u00e7\u00f5es ou pratos especiais. Aproveite para conhecer a cidade e provar del\u00edcias t\u00edpicas que entram nos card\u00e1pios de estabelecimentos ao redor de S\u00e3o Paulo. Na companhia de amigos, amor ou familiares, veja abaixo &hellip;<\/p>\n","protected":false},"author":1,"featured_media":3594,"comment_status":"open","ping_status":"open","sticky":false,"template":"","format":"standard","meta":[],"categories":[183,136,130,94,128],"tags":[576,179,93],"_links":{"self":[{"href":"https:\/\/gastronomidia.com.br\/2021\/wp-json\/wp\/v2\/posts\/3585"}],"collection":[{"href":"https:\/\/gastronomidia.com.br\/2021\/wp-json\/wp\/v2\/posts"}],"about":[{"href":"https:\/\/gastronomidia.com.br\/2021\/wp-json\/wp\/v2\/types\/post"}],"author":[{"embeddable":true,"href":"https:\/\/gastronomidia.com.br\/2021\/wp-json\/wp\/v2\/users\/1"}],"replies":[{"embeddable":true,"href":"https:\/\/gastronomidia.com.br\/2021\/wp-json\/wp\/v2\/comments?post=3585"}],"version-history":[{"count":2,"href":"https:\/\/gastronomidia.com.br\/2021\/wp-json\/wp\/v2\/posts\/3585\/revisions"}],"predecessor-version":[{"id":3593,"href":"https:\/\/gastronomidia.com.br\/2021\/wp-json\/wp\/v2\/posts\/3585\/revisions\/3593"}],"wp:featuredmedia":[{"embeddable":true,"href":"https:\/\/gastronomidia.com.br\/2021\/wp-json\/wp\/v2\/media\/3594"}],"wp:attachment":[{"href":"https:\/\/gastronomidia.com.br\/2021\/wp-json\/wp\/v2\/media?parent=3585"}],"wp:term":[{"taxonomy":"category","embeddable":true,"href":"https:\/\/gastronomidia.com.br\/2021\/wp-json\/wp\/v2\/categories?post=3585"},{"taxonomy":"post_tag","embeddable":true,"href":"https:\/\/gastronomidia.com.br\/2021\/wp-json\/wp\/v2\/tags?post=3585"}],"curies":[{"name":"wp","href":"https:\/\/api.w.org\/{rel}","templated":true}]}}