{"id":3571,"date":"2019-01-10T14:17:15","date_gmt":"2019-01-10T14:17:15","guid":{"rendered":"http:\/\/gastronomidia.com.br\/?p=3571"},"modified":"2019-01-10T14:17:41","modified_gmt":"2019-01-10T14:17:41","slug":"chambinho-de-pote-de-meio-litro-queremos","status":"publish","type":"post","link":"https:\/\/gastronomidia.com.br\/2021\/chambinho-de-pote-de-meio-litro-queremos\/novidades\/","title":{"rendered":"Chambinho no pote? Queremos!"},"content":{"rendered":"<p>Se voc\u00ea \u00e9 f\u00e3 do sorvete rosinha em formato de cora\u00e7\u00e3o com gostinho de inf\u00e2ncia, vai pirar com a not\u00edcia a seguir!\u00a0<strong>A Nestl\u00e9 acaba de divulgar que o sorvete Chambinho ganhou uma vers\u00e3o tamanho fam\u00edlia<\/strong>.<\/p>\n<p>O produto deve ser vendido em todo o pa\u00eds. O pre\u00e7o sugerido \u00e9 de R$12,90.<\/p>\n<p><img loading=\"lazy\" class=\"aligncenter size-full wp-image-3575\" src=\"http:\/\/gastronomidia.com.br\/2021\/wp-content\/uploads\/2019\/01\/Chambinho-ganha-versa\u0303o-de-sorvete-em-pote-de-meio-litro.png\" alt=\"\" width=\"960\" height=\"960\" srcset=\"https:\/\/gastronomidia.com.br\/2021\/wp-content\/uploads\/2019\/01\/Chambinho-ganha-versa\u0303o-de-sorvete-em-pote-de-meio-litro.png 960w, https:\/\/gastronomidia.com.br\/2021\/wp-content\/uploads\/2019\/01\/Chambinho-ganha-versa\u0303o-de-sorvete-em-pote-de-meio-litro-190x190.png 190w, https:\/\/gastronomidia.com.br\/2021\/wp-content\/uploads\/2019\/01\/Chambinho-ganha-versa\u0303o-de-sorvete-em-pote-de-meio-litro-300x300.png 300w, https:\/\/gastronomidia.com.br\/2021\/wp-content\/uploads\/2019\/01\/Chambinho-ganha-versa\u0303o-de-sorvete-em-pote-de-meio-litro-150x150.png 150w, https:\/\/gastronomidia.com.br\/2021\/wp-content\/uploads\/2019\/01\/Chambinho-ganha-versa\u0303o-de-sorvete-em-pote-de-meio-litro-400x400.png 400w\" sizes=\"(max-width: 960px) 100vw, 960px\" \/><\/p>\n<p><em>\u201cO Chambinho \u00e9 um daqueles produtos que nos traz mem\u00f3rias afetivas e remete \u00e0 melhor fase da inf\u00e2ncia. O picol\u00e9 j\u00e1 \u00e9 um sucesso entre crian\u00e7as e adultos desde 1998, mas existia tamb\u00e9m um desejo dos consumidores e clientes por um formato maior e que pudesse ser compartilhado em casa ou nas reuni\u00f5es familiares\u201d<\/em>, disse Diana S\u00e1, chefe de Marketing da Froneri na Am\u00e9rica Latina.<\/p>\n<p>&nbsp;<\/p>\n<p style=\"font-weight: 400; text-align: left;\">Fonte: publicitarioscriativos<\/p>\n<hr \/>\n<p style=\"text-align: left;\">Compartilhe este post com as pessoas em suas redes sociais e marque o perfil. Curta e siga o\u00a0@gastronomidiaoficial no\u00a0<a href=\"https:\/\/www.facebook.com\/gastronomidiaoficial\/\" target=\"_blank\" rel=\"noopener\"><strong>Facebook<\/strong><\/a>\u00a0ou no\u00a0<a href=\"https:\/\/www.instagram.com\/gastronomidiaoficial\/\" target=\"_blank\" rel=\"noopener\"><strong>Instagram<\/strong><\/a>.<\/p>\n<p style=\"text-align: left;\">N\u00f3s tamb\u00e9m estamos no WhatsApp, adicione o nosso n\u00famero (11) 97725-5667 em seus contatos ou utilize este\u00a0<a href=\"http:\/\/bit.ly\/2JT7zDt\" target=\"_blank\" rel=\"noopener\"><strong>link<\/strong><\/a>\u00a0para falar com a gente.<\/p>\n","protected":false},"excerpt":{"rendered":"<p>Se voc\u00ea \u00e9 f\u00e3 do sorvete rosinha em formato de cora\u00e7\u00e3o com gostinho de inf\u00e2ncia, vai pirar com a not\u00edcia a seguir!\u00a0A Nestl\u00e9 acaba de divulgar que o sorvete Chambinho ganhou uma vers\u00e3o tamanho fam\u00edlia. O produto deve ser vendido em todo o pa\u00eds. O pre\u00e7o sugerido \u00e9 de R$12,90. \u201cO Chambinho \u00e9 um daqueles &hellip;<\/p>\n","protected":false},"author":1,"featured_media":3576,"comment_status":"open","ping_status":"open","sticky":false,"template":"","format":"standard","meta":[],"categories":[136,381,94],"tags":[575,395,527,569],"_links":{"self":[{"href":"https:\/\/gastronomidia.com.br\/2021\/wp-json\/wp\/v2\/posts\/3571"}],"collection":[{"href":"https:\/\/gastronomidia.com.br\/2021\/wp-json\/wp\/v2\/posts"}],"about":[{"href":"https:\/\/gastronomidia.com.br\/2021\/wp-json\/wp\/v2\/types\/post"}],"author":[{"embeddable":true,"href":"https:\/\/gastronomidia.com.br\/2021\/wp-json\/wp\/v2\/users\/1"}],"replies":[{"embeddable":true,"href":"https:\/\/gastronomidia.com.br\/2021\/wp-json\/wp\/v2\/comments?post=3571"}],"version-history":[{"count":2,"href":"https:\/\/gastronomidia.com.br\/2021\/wp-json\/wp\/v2\/posts\/3571\/revisions"}],"predecessor-version":[{"id":3578,"href":"https:\/\/gastronomidia.com.br\/2021\/wp-json\/wp\/v2\/posts\/3571\/revisions\/3578"}],"wp:featuredmedia":[{"embeddable":true,"href":"https:\/\/gastronomidia.com.br\/2021\/wp-json\/wp\/v2\/media\/3576"}],"wp:attachment":[{"href":"https:\/\/gastronomidia.com.br\/2021\/wp-json\/wp\/v2\/media?parent=3571"}],"wp:term":[{"taxonomy":"category","embeddable":true,"href":"https:\/\/gastronomidia.com.br\/2021\/wp-json\/wp\/v2\/categories?post=3571"},{"taxonomy":"post_tag","embeddable":true,"href":"https:\/\/gastronomidia.com.br\/2021\/wp-json\/wp\/v2\/tags?post=3571"}],"curies":[{"name":"wp","href":"https:\/\/api.w.org\/{rel}","templated":true}]}}