{"id":3511,"date":"2018-11-21T01:21:38","date_gmt":"2018-11-21T01:21:38","guid":{"rendered":"http:\/\/gastronomidia.com.br\/?p=3511"},"modified":"2018-11-21T01:21:38","modified_gmt":"2018-11-21T01:21:38","slug":"conheca-a-racleteira-premium-gourmet","status":"publish","type":"post","link":"https:\/\/gastronomidia.com.br\/2021\/conheca-a-racleteira-premium-gourmet\/novidades\/","title":{"rendered":"Conhe\u00e7a a Racleteira Premium Gourmet"},"content":{"rendered":"<div class=\"title-content\">\n<div class=\"fancy_one ig_meta_post_classic textaligncenter\">\n<div class=\"updated indie_date\"><\/div>\n<\/div>\n<\/div>\n<p><img loading=\"lazy\" class=\"wp-image-829 size-full alignleft\" src=\"https:\/\/blog.racleteira.com.br\/wp-content\/uploads\/2018\/05\/racleteira_premium2.png\" alt=\"\" width=\"240\" height=\"300\" \/>A racleteira que possui design exclusivo, o melhor desempenho, \u00e9 pr\u00e1tica e moderna, pode ser de utiliza\u00e7\u00e3o residencial e comercial, por essas e tantos outras funcionalidades \u00e9 considerada a melhor racleteira do mercado.<\/p>\n<h4>O que \u00e9 uma Racleteira?<\/h4>\n<p>Racleteira \u00e9 um aparelho utilizado para derreter queijos, em especial o queijo Raclette. Ela pode ser el\u00e9trica, a g\u00e1s, a velas, entre outras formas de gerar calor para cumprir com o objetivo de derreter o queijo e raspa-lo em cima de outros alimentos como batatas, condimentos, etc. Para fazer o famoso prato t\u00edpico su\u00ed\u00e7o, a raclette que \u00e9 deliciosa e cheia de sabor.<\/p>\n<p>&nbsp;<\/p>\n<h4>Sobre a Racleteira Premium:<\/h4>\n<p>A Racleteira Premium \u00e9 baseada no modelo tradicional, criado na Su\u00ed\u00e7a. Um aparelho moderno e exclusivo que \u00e9 capaz de juntar duas necessidades, ter uma racleteira tradicional do tipo su\u00ed\u00e7a na sua casa, com o charme de raspar o queijo\u00a0derretido, viscoso e\u00a0cremoso em crosta (hummm\u2026), sem que seja um equipamento enorme e de apar\u00eancia industrial. E que tenha funcionalidades profissionais para ser utilizada tamb\u00e9m de forma comercial em restaurante, bistro, food truck, buffet, cafeterias e demais locais. Bonita e de visual moderno, ela det\u00e9m de um sistema de aquecimento composto principalmente por uma resist\u00eancia de cer\u00e2mica infravermelho que atinge altas temperaturas isolada dentro de uma capa de a\u00e7o inox, o que garante a seguran\u00e7a em seu manuseio, a cremosidade da raclette e qualidade do alimento, que fica livre de contamina\u00e7\u00f5es e oxida\u00e7\u00f5es (problema comumente encontrado em racleteira com resist\u00eancia de ferro).<\/p>\n<p>Esse sistema de aquecimento da Racleteira Premium \u00e9 em porcelana aluminosa que tem alto poder de dispers\u00e3o t\u00e9rmica atrav\u00e9s da radia\u00e7\u00e3o infravermelho, isso quer dizer que ela aquece rapidamente, transfere todo esse calor direcionado a face do queijo e ainda economiza energia. Sua pot\u00eancia \u00e9 de 800w focal. Que permite fazer racletes em poucos minutos, aproximadamente de 1 a 3 minutos, \u00e9 poss\u00edvel raspar por\u00e7\u00f5es deliciosas e generosas de queijo raclette.<\/p>\n<p>A voltagem dispon\u00edvel \u00e9 110v ou 220v e a escolha deve ser feita no momento da compra.<\/p>\n<p>A Racleteira Premium possui ainda um sistema de regulagem de altura, permite controlar com facilidade o\u00a0intervalo de tempo entre uma por\u00e7\u00e3o e outra, e tamb\u00e9m a velocidade em que as raspas de raclette ser\u00e3o feitas. Quanto mais alto o prato com o queijo estiver posicionado na Estrutura Principal da Racleteira, mais r\u00e1pido ser\u00e3o feitas as raspas de raclette (a partir de 1 minuto) e estas ser\u00e3o mais finas e com \u201dcasquinha\u201d crocante de queijo. Quanto mais baixo o prato estiver posicionado no aparelho, maior ser\u00e1 o tempo de preparo (entre 3 a 4 minutos) e mais generosas e cremosas essas raspas ser\u00e3o.<\/p>\n<p>O aquecimento por infravermelho focal juntamente com o sistema de regulagem de altura, faz a Racleteira Premium possuir o melhor desempenho a frete de outros modelos e \u00e9 considerada o melhor aparelho de fazer raclette do mercado.<\/p>\n<p>A pe\u00e7a em a\u00e7o inox que segura o queijo tem um design parecido com um prato e garfo. Nesta pe\u00e7a poss\u00edvel fixar diferentes varia\u00e7\u00f5es de formato do queijo, podendo ser inteiro (redondo), metade (meia lua), quadrado ou fatias.\u00a0Garantindo a utiliza\u00e7\u00e3o de diversos tipos e tamanhos de queijos.<\/p>\n<p>Veja alguns detalhes do sistema de regulagem de altura do prato na Racleteira e os detalhes que encantam a todos:<\/p>\n<div id=\"attachment_710\" class=\"wp-caption aligncenter\"><img loading=\"lazy\" class=\"wp-image-710 size-full\" src=\"https:\/\/blog.racleteira.com.br\/wp-content\/uploads\/2018\/07\/detalhes-post-insta.png\" sizes=\"(max-width: 600px) 100vw, 600px\" srcset=\"https:\/\/blog.racleteira.com.br\/wp-content\/uploads\/2018\/07\/detalhes-post-insta.png 600w, https:\/\/blog.racleteira.com.br\/wp-content\/uploads\/2018\/07\/detalhes-post-insta-150x150.png 150w, https:\/\/blog.racleteira.com.br\/wp-content\/uploads\/2018\/07\/detalhes-post-insta-300x300.png 300w\" alt=\"\" width=\"600\" height=\"600\" \/><\/p>\n<p class=\"wp-caption-text\">Detalhes do sistema de regulagem de altura do Prato Premium na Estrutura Principal da Racleteira Premium, a descri\u00e7\u00e3o dos itens inclusos e a beleza de seu design inovador.<\/p>\n<\/div>\n<p>A Racleteira Premium conta com uma pe\u00e7a exclusiva de madeira maci\u00e7a na base, de design inovador com acabamento incolor e com detalhe feitos em marca\u00e7\u00e3o a laser, conferindo exclusividade a cada Racleteira. Madeira essa que \u00e9 nobre e certificada, obtida a partir de fontes legais e renov\u00e1veis.<\/p>\n<p>\u00c9 f\u00e1cil de guardar! A Racleteira desmonta e n\u00e3o ocupa muito espa\u00e7o o que facilita muito para guardar e transportar. Para desmontar, basta desenroscar um \u00fanico parafuso de m\u00e3o que une a base a estrutura principal e para montar, \u00e9 s\u00f3 posicionar essa estrutura na base e apertar o parafuso. A Estrutura Principal s\u00f3 se encaixa em uma posi\u00e7\u00e3o. Tudo muito simples, r\u00e1pido e f\u00e1cil de manusear.<\/p>\n<p>&nbsp;<\/p>\n<h4>O Design\u00a0exclusivo da Racleteira \u00e9 composto de 2 partes:<\/h4>\n<blockquote><p>1- Estrutura Principal em A\u00e7o Inox 304;<br \/>\n2- Base em Madeira Maci\u00e7a Lyptus 50mm;<\/p><\/blockquote>\n<div id=\"attachment_820\" class=\"wp-caption aligncenter\"><img loading=\"lazy\" class=\"size-full wp-image-820\" src=\"https:\/\/blog.racleteira.com.br\/wp-content\/uploads\/2018\/05\/20180519_143743a.png\" sizes=\"(max-width: 1000px) 100vw, 1000px\" srcset=\"https:\/\/blog.racleteira.com.br\/wp-content\/uploads\/2018\/05\/20180519_143743a.png 1000w, https:\/\/blog.racleteira.com.br\/wp-content\/uploads\/2018\/05\/20180519_143743a-300x238.png 300w, https:\/\/blog.racleteira.com.br\/wp-content\/uploads\/2018\/05\/20180519_143743a-768x609.png 768w\" alt=\"\" width=\"1000\" height=\"793\" \/><\/p>\n<p class=\"wp-caption-text\">Design\u00a0exclusivo da Racleteira que \u00e9 composto de duas e partes estrutura principal em a\u00e7o inox 304 e base em madeira maci\u00e7a nobre.<\/p>\n<\/div>\n<h4><\/h4>\n<h4><\/h4>\n<h4>Os itens inclusos s\u00e3o:<\/h4>\n<ol>\n<li>\n<blockquote><p>Prato Premium, pe\u00e7a em inox 304 que segura o queijo;<\/p><\/blockquote>\n<\/li>\n<li>\n<blockquote><p>Garfo Premium, pe\u00e7a em inox 304 que segura o queijo no prato;<\/p><\/blockquote>\n<\/li>\n<li>\n<blockquote><p>Cabo de energia;<\/p><\/blockquote>\n<\/li>\n<li>\n<blockquote><p>Parafuso de m\u00e3o em A\u00e7o inox 304;<\/p><\/blockquote>\n<\/li>\n<li>\n<blockquote><p>Manual de instru\u00e7\u00f5es;<\/p><\/blockquote>\n<\/li>\n<li>\n<blockquote><p>Isopor de prote\u00e7\u00e3o sob medida;<\/p><\/blockquote>\n<\/li>\n<li>\n<blockquote><p>Caixa customizada em papel\u00e3o branco;<\/p><\/blockquote>\n<\/li>\n<\/ol>\n<div id=\"attachment_819\" class=\"wp-caption aligncenter\"><img loading=\"lazy\" class=\"size-full wp-image-819\" src=\"https:\/\/blog.racleteira.com.br\/wp-content\/uploads\/2018\/05\/20181019_090702.jpg\" sizes=\"(max-width: 1000px) 100vw, 1000px\" srcset=\"https:\/\/blog.racleteira.com.br\/wp-content\/uploads\/2018\/05\/20181019_090702.jpg 1000w, https:\/\/blog.racleteira.com.br\/wp-content\/uploads\/2018\/05\/20181019_090702-300x225.jpg 300w, https:\/\/blog.racleteira.com.br\/wp-content\/uploads\/2018\/05\/20181019_090702-768x576.jpg 768w, https:\/\/blog.racleteira.com.br\/wp-content\/uploads\/2018\/05\/20181019_090702-370x278.jpg 370w\" alt=\"\" width=\"1000\" height=\"750\" \/><\/div>\n<div><\/div>\n<div>\n<p>Fonte: Blog Racleteira<\/p>\n<hr \/>\n<p>&nbsp;<\/p>\n<p>Compartilhe este post com as pessoas em suas redes sociais e marque o perfil. Curta e siga o\u00a0@gastronomidiaoficial no\u00a0<a href=\"https:\/\/www.facebook.com\/gastronomidiaoficial\/\" target=\"_blank\" rel=\"noopener\"><strong>Facebook<\/strong><\/a>\u00a0ou no\u00a0<a href=\"https:\/\/www.instagram.com\/gastronomidiaoficial\/\" target=\"_blank\" rel=\"noopener\"><strong>Instagram<\/strong><\/a>.<\/p>\n<p>N\u00f3s tamb\u00e9m estamos no WhatsApp, adicione o nosso n\u00famero (11) 97725-5667 em seus contatos ou utilize este\u00a0<a href=\"http:\/\/bit.ly\/2JT7zDt\" target=\"_blank\" rel=\"noopener\"><strong>link<\/strong><\/a>\u00a0para falar com a gente.<\/p>\n<\/div>\n","protected":false},"excerpt":{"rendered":"<p>A racleteira que possui design exclusivo, o melhor desempenho, \u00e9 pr\u00e1tica e moderna, pode ser de utiliza\u00e7\u00e3o residencial e comercial, por essas e tantos outras funcionalidades \u00e9 considerada a melhor racleteira do mercado. O que \u00e9 uma Racleteira? Racleteira \u00e9 um aparelho utilizado para derreter queijos, em especial o queijo Raclette. Ela pode ser el\u00e9trica, &hellip;<\/p>\n","protected":false},"author":1,"featured_media":3512,"comment_status":"open","ping_status":"open","sticky":false,"template":"","format":"standard","meta":[],"categories":[136,130,95,129,381,94],"tags":[560,561,297,402,562,559],"_links":{"self":[{"href":"https:\/\/gastronomidia.com.br\/2021\/wp-json\/wp\/v2\/posts\/3511"}],"collection":[{"href":"https:\/\/gastronomidia.com.br\/2021\/wp-json\/wp\/v2\/posts"}],"about":[{"href":"https:\/\/gastronomidia.com.br\/2021\/wp-json\/wp\/v2\/types\/post"}],"author":[{"embeddable":true,"href":"https:\/\/gastronomidia.com.br\/2021\/wp-json\/wp\/v2\/users\/1"}],"replies":[{"embeddable":true,"href":"https:\/\/gastronomidia.com.br\/2021\/wp-json\/wp\/v2\/comments?post=3511"}],"version-history":[{"count":1,"href":"https:\/\/gastronomidia.com.br\/2021\/wp-json\/wp\/v2\/posts\/3511\/revisions"}],"predecessor-version":[{"id":3513,"href":"https:\/\/gastronomidia.com.br\/2021\/wp-json\/wp\/v2\/posts\/3511\/revisions\/3513"}],"wp:featuredmedia":[{"embeddable":true,"href":"https:\/\/gastronomidia.com.br\/2021\/wp-json\/wp\/v2\/media\/3512"}],"wp:attachment":[{"href":"https:\/\/gastronomidia.com.br\/2021\/wp-json\/wp\/v2\/media?parent=3511"}],"wp:term":[{"taxonomy":"category","embeddable":true,"href":"https:\/\/gastronomidia.com.br\/2021\/wp-json\/wp\/v2\/categories?post=3511"},{"taxonomy":"post_tag","embeddable":true,"href":"https:\/\/gastronomidia.com.br\/2021\/wp-json\/wp\/v2\/tags?post=3511"}],"curies":[{"name":"wp","href":"https:\/\/api.w.org\/{rel}","templated":true}]}}