{"id":3488,"date":"2018-11-08T14:02:27","date_gmt":"2018-11-08T14:02:27","guid":{"rendered":"http:\/\/gastronomidia.com.br\/?p=3488"},"modified":"2018-11-08T14:02:27","modified_gmt":"2018-11-08T14:02:27","slug":"sorvete-7-belo-queremos","status":"publish","type":"post","link":"https:\/\/gastronomidia.com.br\/2021\/sorvete-7-belo-queremos\/novidades\/","title":{"rendered":"Sorvete 7 Belo? Queremos!"},"content":{"rendered":"<p class=\"x_MsoNormal\">O\u00a0<strong>pr\u00f3ximo ver\u00e3o <\/strong>ter\u00e1 uma deliciosa novidade. Em co-branding in\u00e9dito, a\u00a0<b>Arcor do Brasil<\/b>, empresa de alimentos que est\u00e1 entre as l\u00edderes brasileiras em doces juntamente com a\u00a0<b>LOS LOS<\/b>, uma das marcas pioneiras no mercado de paletas no Pa\u00eds, criaram o primeiro sorvete da famosa\u00a0<strong>7 Belo<\/strong>.<\/p>\n<p><img loading=\"lazy\" class=\"aligncenter size-full wp-image-3490\" src=\"http:\/\/gastronomidia.com.br\/2021\/wp-content\/uploads\/2018\/11\/Arcor-transformou-a-famosa-22Bala-722-em-um-sabor-de-sorvete.jpg\" alt=\"\" width=\"750\" height=\"445\" srcset=\"https:\/\/gastronomidia.com.br\/2021\/wp-content\/uploads\/2018\/11\/Arcor-transformou-a-famosa-22Bala-722-em-um-sabor-de-sorvete.jpg 750w, https:\/\/gastronomidia.com.br\/2021\/wp-content\/uploads\/2018\/11\/Arcor-transformou-a-famosa-22Bala-722-em-um-sabor-de-sorvete-300x178.jpg 300w\" sizes=\"(max-width: 750px) 100vw, 750px\" \/><\/p>\n<p class=\"x_MsoNormal\">A novidade, que conta com o tradicional aroma de framboesa e base de leite, foi desenvolvida ap\u00f3s pesquisas que identificaram a aceita\u00e7\u00e3o de consumo. Essa jun\u00e7\u00e3o faz com que a minipaleta de 65g tenha o mesmo gostinho da inf\u00e2ncia, despertado pelo v\u00ednculo emocional que a bala tem com os consumidores.<\/p>\n<p>&nbsp;<\/p>\n<p>Fonte: Publicit\u00e1rios Criativos.<\/p>\n<hr \/>\n<p>&nbsp;<\/p>\n<p style=\"text-align: center;\">Compartilhe este post com as pessoas em suas redes sociais e marque o perfil. Curta e siga o\u00a0@gastronomidiaoficial no\u00a0<a href=\"https:\/\/www.facebook.com\/gastronomidiaoficial\/\" target=\"_blank\" rel=\"noopener\"><strong>Facebook<\/strong><\/a>\u00a0ou no\u00a0<a href=\"https:\/\/www.instagram.com\/gastronomidiaoficial\/\" target=\"_blank\" rel=\"noopener\"><strong>Instagram<\/strong><\/a>.<\/p>\n<p style=\"text-align: center;\">N\u00f3s tamb\u00e9m estamos no WhatsApp, adicione o nosso n\u00famero (11) 97725-5667 em seus contatos ou utilize este\u00a0<a href=\"http:\/\/bit.ly\/2JT7zDt\" target=\"_blank\" rel=\"noopener\"><strong>link<\/strong><\/a>\u00a0para falar com a gente.<\/p>\n","protected":false},"excerpt":{"rendered":"<p>O\u00a0pr\u00f3ximo ver\u00e3o ter\u00e1 uma deliciosa novidade. Em co-branding in\u00e9dito, a\u00a0Arcor do Brasil, empresa de alimentos que est\u00e1 entre as l\u00edderes brasileiras em doces juntamente com a\u00a0LOS LOS, uma das marcas pioneiras no mercado de paletas no Pa\u00eds, criaram o primeiro sorvete da famosa\u00a07 Belo. A novidade, que conta com o tradicional aroma de framboesa e &hellip;<\/p>\n","protected":false},"author":1,"featured_media":3489,"comment_status":"open","ping_status":"open","sticky":false,"template":"","format":"standard","meta":[],"categories":[136,127,95,381,94,128],"tags":[551,552,527],"_links":{"self":[{"href":"https:\/\/gastronomidia.com.br\/2021\/wp-json\/wp\/v2\/posts\/3488"}],"collection":[{"href":"https:\/\/gastronomidia.com.br\/2021\/wp-json\/wp\/v2\/posts"}],"about":[{"href":"https:\/\/gastronomidia.com.br\/2021\/wp-json\/wp\/v2\/types\/post"}],"author":[{"embeddable":true,"href":"https:\/\/gastronomidia.com.br\/2021\/wp-json\/wp\/v2\/users\/1"}],"replies":[{"embeddable":true,"href":"https:\/\/gastronomidia.com.br\/2021\/wp-json\/wp\/v2\/comments?post=3488"}],"version-history":[{"count":1,"href":"https:\/\/gastronomidia.com.br\/2021\/wp-json\/wp\/v2\/posts\/3488\/revisions"}],"predecessor-version":[{"id":3491,"href":"https:\/\/gastronomidia.com.br\/2021\/wp-json\/wp\/v2\/posts\/3488\/revisions\/3491"}],"wp:featuredmedia":[{"embeddable":true,"href":"https:\/\/gastronomidia.com.br\/2021\/wp-json\/wp\/v2\/media\/3489"}],"wp:attachment":[{"href":"https:\/\/gastronomidia.com.br\/2021\/wp-json\/wp\/v2\/media?parent=3488"}],"wp:term":[{"taxonomy":"category","embeddable":true,"href":"https:\/\/gastronomidia.com.br\/2021\/wp-json\/wp\/v2\/categories?post=3488"},{"taxonomy":"post_tag","embeddable":true,"href":"https:\/\/gastronomidia.com.br\/2021\/wp-json\/wp\/v2\/tags?post=3488"}],"curies":[{"name":"wp","href":"https:\/\/api.w.org\/{rel}","templated":true}]}}