{"id":3390,"date":"2018-10-21T22:17:24","date_gmt":"2018-10-21T22:17:24","guid":{"rendered":"http:\/\/gastronomidia.com.br\/?p=3390"},"modified":"2018-10-21T22:20:24","modified_gmt":"2018-10-21T22:20:24","slug":"piraque-entra-no-segmento-de-torradas","status":"publish","type":"post","link":"https:\/\/gastronomidia.com.br\/2021\/piraque-entra-no-segmento-de-torradas\/uncategorized\/","title":{"rendered":"Piraqu\u00ea entra no segmento de torradas"},"content":{"rendered":"<p>A tradicional fabricante de biscoitos <a href=\"http:\/\/www.piraque.com.br\" target=\"_blank\" rel=\"noopener\">Piraqu\u00ea<\/a>, marca da M. Dias Branco, anunciou sua entrada da na categoria de torradas. As torradas Piraqu\u00ea t\u00eam as vers\u00f5es Tradicional, Light, Integral e Multigr\u00e3os. \u201cO lan\u00e7amento da nova linha \u00e9 o primeiro de muitos investimentos que a companhia far\u00e1 na marca Piraqu\u00ea e em seu portf\u00f3lio\u201d, afirma Rodrigo Mainieri, gerente de Marketing da M. Dias Branco. O lan\u00e7amento ser\u00e1 feito, a princ\u00edpio, somente nos estados do Rio de Janeiro e Esp\u00edrito Santo.<\/p>\n<p>&nbsp;<\/p>\n<p>A aquisi\u00e7\u00e3o da Piraqu\u00ea pela M. Dias Branco foi conclu\u00edda em maio deste ano, em uma transa\u00e7\u00e3o de cerca de R$ 1,5 bilh\u00e3o, que foi aprovada sem restri\u00e7\u00f5es pelo CADE (Conselho Administrativo de Defesa Econ\u00f4mica), como parte do plano da empresa de acelerar seu crescimento nas regi\u00f5es Sul e Sudeste. Com essa compra, a M. Dias Branco passou a ter 19 marcas, entre massas, biscoitos, torradas, margarinas e refrescos, 15 plantas industriais e mais de 20 mil funcion\u00e1rios.<\/p>\n<p>&nbsp;<\/p>\n<p>A companhia prev\u00ea investimentos em marketing e em lan\u00e7amento de produtos. \u201cA Piraqu\u00ea conta com um portf\u00f3lio de alto valor agregado e, portanto, com total ader\u00eancia \u00e0 nova categoria de torradas, que vai complementar o portf\u00f3lio da marca\u201d, diz Rodrigo Mainieri. O executivo destacou, ainda, que a empresa contratou a Touch Branding para ajudar na evolu\u00e7\u00e3o do posicionamento da marca e a Lew\u2019Lara\\TBWA como ag\u00eancia de publicidade, prevendo uma gest\u00e3o de comunica\u00e7\u00e3o bastante ativa nos universos online e offline.<\/p>\n<p>&nbsp;<\/p>\n<p>Fonte: Embalagem Marca<\/p>\n<hr \/>\n<p>&nbsp;<\/p>\n<p style=\"text-align: center;\">Compartilhe este post com as pessoas em suas redes sociais e marque o perfil. Curta e siga o\u00a0@gastronomidiaoficial no\u00a0<a href=\"https:\/\/www.facebook.com\/gastronomidiaoficial\/\" target=\"_blank\" rel=\"noopener\"><strong>Facebook<\/strong><\/a>\u00a0ou no\u00a0<a href=\"https:\/\/www.instagram.com\/gastronomidiaoficial\/\" target=\"_blank\" rel=\"noopener\"><strong>Instagram<\/strong><\/a>.<\/p>\n<p style=\"text-align: center;\">N\u00f3s tamb\u00e9m estamos no WhatsApp, adicione o nosso n\u00famero (11) 97725-5667 em seus contatos ou utilize este\u00a0<a href=\"http:\/\/bit.ly\/2JT7zDt\" target=\"_blank\" rel=\"noopener\"><strong>link<\/strong><\/a>\u00a0para falar com a gente.<\/p>\n","protected":false},"excerpt":{"rendered":"<p>A tradicional fabricante de biscoitos Piraqu\u00ea, marca da M. Dias Branco, anunciou sua entrada da na categoria de torradas. As torradas Piraqu\u00ea t\u00eam as vers\u00f5es Tradicional, Light, Integral e Multigr\u00e3os. \u201cO lan\u00e7amento da nova linha \u00e9 o primeiro de muitos investimentos que a companhia far\u00e1 na marca Piraqu\u00ea e em seu portf\u00f3lio\u201d, afirma Rodrigo Mainieri, &hellip;<\/p>\n","protected":false},"author":1,"featured_media":3391,"comment_status":"open","ping_status":"open","sticky":false,"template":"","format":"standard","meta":[],"categories":[130,127,95,129,381,1],"tags":[121,88,313,131,515,516],"_links":{"self":[{"href":"https:\/\/gastronomidia.com.br\/2021\/wp-json\/wp\/v2\/posts\/3390"}],"collection":[{"href":"https:\/\/gastronomidia.com.br\/2021\/wp-json\/wp\/v2\/posts"}],"about":[{"href":"https:\/\/gastronomidia.com.br\/2021\/wp-json\/wp\/v2\/types\/post"}],"author":[{"embeddable":true,"href":"https:\/\/gastronomidia.com.br\/2021\/wp-json\/wp\/v2\/users\/1"}],"replies":[{"embeddable":true,"href":"https:\/\/gastronomidia.com.br\/2021\/wp-json\/wp\/v2\/comments?post=3390"}],"version-history":[{"count":1,"href":"https:\/\/gastronomidia.com.br\/2021\/wp-json\/wp\/v2\/posts\/3390\/revisions"}],"predecessor-version":[{"id":3392,"href":"https:\/\/gastronomidia.com.br\/2021\/wp-json\/wp\/v2\/posts\/3390\/revisions\/3392"}],"wp:featuredmedia":[{"embeddable":true,"href":"https:\/\/gastronomidia.com.br\/2021\/wp-json\/wp\/v2\/media\/3391"}],"wp:attachment":[{"href":"https:\/\/gastronomidia.com.br\/2021\/wp-json\/wp\/v2\/media?parent=3390"}],"wp:term":[{"taxonomy":"category","embeddable":true,"href":"https:\/\/gastronomidia.com.br\/2021\/wp-json\/wp\/v2\/categories?post=3390"},{"taxonomy":"post_tag","embeddable":true,"href":"https:\/\/gastronomidia.com.br\/2021\/wp-json\/wp\/v2\/tags?post=3390"}],"curies":[{"name":"wp","href":"https:\/\/api.w.org\/{rel}","templated":true}]}}