{"id":3340,"date":"2018-10-03T14:38:58","date_gmt":"2018-10-03T14:38:58","guid":{"rendered":"http:\/\/gastronomidia.com.br\/?p=3340"},"modified":"2018-10-03T14:44:25","modified_gmt":"2018-10-03T14:44:25","slug":"cheetos-com-embalagem-que-brilha-no-escuro-queremos","status":"publish","type":"post","link":"https:\/\/gastronomidia.com.br\/2021\/cheetos-com-embalagem-que-brilha-no-escuro-queremos\/novidades\/","title":{"rendered":"Cheetos com embalagem que brilha no escuro? Queremos!"},"content":{"rendered":"<p>O Dia das Bruxas est\u00e1 a\u00ed e a marca <strong>Cheetos<\/strong> n\u00e3o vai ficou de fora desta lan\u00e7ando uma edi\u00e7\u00e3o especial com o salgadinho em formato de esqueletos\u00a0com o salgadinho em formato de esqueletos.<\/p>\n<p>O\u00a0<strong>Cheetos Esqueletos<\/strong>\u00a0vem em formato de ossos que juntos formam um esqueleto, al\u00e9m de chegar em uma embalagem in\u00e9dita que brilha no escuro. A ideia \u00e9 trazer o esp\u00edrito de brincadeira e mist\u00e9rio t\u00edpicos deste per\u00edodo do ano para o produto.<\/p>\n<p>Junto com o lan\u00e7amento do produto, a marca apresenta ainda a campanha <strong>Brilhe com Cheetos<\/strong>, que refor\u00e7a o tom divertido da marca e traz ativa\u00e7\u00f5es com o lan\u00e7amento de um grafite que brilha no escuro na Av. Presidente Vargas, no Rio de Janeiro. Um filtro da caveirinha tamb\u00e9m estar\u00e1 dispon\u00edvel no site da marca.<\/p>\n<p><strong>Cheetos Esqueletos<\/strong> estar\u00e1 dispon\u00edvel nos pontos de venda das regi\u00f5es Sul e Sudeste a partir do dia 1 de outubro, na vers\u00e3o 47g sabor queijo defumado. O pre\u00e7o sugerido \u00e9 de R$ 2,99.<\/p>\n","protected":false},"excerpt":{"rendered":"<p>O Dia das Bruxas est\u00e1 a\u00ed e a marca Cheetos n\u00e3o vai ficou de fora desta lan\u00e7ando uma edi\u00e7\u00e3o especial com o salgadinho em formato de esqueletos\u00a0com o salgadinho em formato de esqueletos. O\u00a0Cheetos Esqueletos\u00a0vem em formato de ossos que juntos formam um esqueleto, al\u00e9m de chegar em uma embalagem in\u00e9dita que brilha no escuro. &hellip;<\/p>\n","protected":false},"author":1,"featured_media":3341,"comment_status":"open","ping_status":"open","sticky":false,"template":"","format":"standard","meta":[],"categories":[136,127,381,94,128],"tags":[486,488,487,489],"_links":{"self":[{"href":"https:\/\/gastronomidia.com.br\/2021\/wp-json\/wp\/v2\/posts\/3340"}],"collection":[{"href":"https:\/\/gastronomidia.com.br\/2021\/wp-json\/wp\/v2\/posts"}],"about":[{"href":"https:\/\/gastronomidia.com.br\/2021\/wp-json\/wp\/v2\/types\/post"}],"author":[{"embeddable":true,"href":"https:\/\/gastronomidia.com.br\/2021\/wp-json\/wp\/v2\/users\/1"}],"replies":[{"embeddable":true,"href":"https:\/\/gastronomidia.com.br\/2021\/wp-json\/wp\/v2\/comments?post=3340"}],"version-history":[{"count":5,"href":"https:\/\/gastronomidia.com.br\/2021\/wp-json\/wp\/v2\/posts\/3340\/revisions"}],"predecessor-version":[{"id":3347,"href":"https:\/\/gastronomidia.com.br\/2021\/wp-json\/wp\/v2\/posts\/3340\/revisions\/3347"}],"wp:featuredmedia":[{"embeddable":true,"href":"https:\/\/gastronomidia.com.br\/2021\/wp-json\/wp\/v2\/media\/3341"}],"wp:attachment":[{"href":"https:\/\/gastronomidia.com.br\/2021\/wp-json\/wp\/v2\/media?parent=3340"}],"wp:term":[{"taxonomy":"category","embeddable":true,"href":"https:\/\/gastronomidia.com.br\/2021\/wp-json\/wp\/v2\/categories?post=3340"},{"taxonomy":"post_tag","embeddable":true,"href":"https:\/\/gastronomidia.com.br\/2021\/wp-json\/wp\/v2\/tags?post=3340"}],"curies":[{"name":"wp","href":"https:\/\/api.w.org\/{rel}","templated":true}]}}