{"id":3334,"date":"2018-09-25T20:05:43","date_gmt":"2018-09-25T20:05:43","guid":{"rendered":"http:\/\/gastronomidia.com.br\/?p=3334"},"modified":"2018-09-25T20:09:05","modified_gmt":"2018-09-25T20:09:05","slug":"itubaina-lanca-novo-sabor-guarana","status":"publish","type":"post","link":"https:\/\/gastronomidia.com.br\/2021\/itubaina-lanca-novo-sabor-guarana\/novidades\/","title":{"rendered":"Ituba\u00edna lan\u00e7a novo sabor guaran\u00e1"},"content":{"rendered":"<p>A Ituba\u00edna, marca que pertence \u00e0 Heineken, aumenta seu portf\u00f3lio com o novo sabor guaran\u00e1. A novidade vem acompanhada do novo posicionamento da marca, que foca na nostalgia de seus consumidores e estimular momentos de divers\u00e3o.<\/p>\n<p>\u201cNosso objetivo \u00e9 oferecer aos nossos consumidores uma experi\u00eancia que vai al\u00e9m do refrigerante. Com o sabor leve e doce na medida certa, queremos despertar a recorda\u00e7\u00e3o de diferentes gera\u00e7\u00f5es e transport\u00e1-las para momentos de divers\u00e3o e descontra\u00e7\u00e3o. A combina\u00e7\u00e3o do nosso diferencial de qualidade com o sabor guaran\u00e1, t\u00e3o apreciado pelos brasileiros, \u00e9 o casamento perfeito para os nossos consumidores\u201d, disse Bruna Fausto, diretora de Marketing do Grupo Heineken no Brasil.<\/p>\n<p>Ituba\u00edna Guaran\u00e1 est\u00e1 dispon\u00edvel nas vers\u00f5es lata de 350 ml, garrafa pet de 2l e na tradicional long neck de 355 ml, com pre\u00e7os sugeridos de R$ 2,09, R$ 4,39 e R$ 2,59, respectivamente. O lan\u00e7amento j\u00e1 come\u00e7ou a chegar aos pontos de venda do estado de S\u00e3o Paulo, com foco na capital e nas cidades de Campinas, Ribeir\u00e3o Preto e Santos, que estar\u00e3o totalmente abastecidos at\u00e9 o fim de outubro. A vers\u00e3o guaran\u00e1 complementa o portf\u00f3lio da marca Ituba\u00edna, que j\u00e1 oferece os sabores original (tutti-frutti) e ma\u00e7\u00e3.<\/p>\n","protected":false},"excerpt":{"rendered":"<p>A Ituba\u00edna, marca que pertence \u00e0 Heineken, aumenta seu portf\u00f3lio com o novo sabor guaran\u00e1. A novidade vem acompanhada do novo posicionamento da marca, que foca na nostalgia de seus consumidores e estimular momentos de divers\u00e3o. \u201cNosso objetivo \u00e9 oferecer aos nossos consumidores uma experi\u00eancia que vai al\u00e9m do refrigerante. Com o sabor leve e &hellip;<\/p>\n","protected":false},"author":1,"featured_media":3335,"comment_status":"open","ping_status":"open","sticky":false,"template":"","format":"standard","meta":[],"categories":[158,136,127,95,381,94],"tags":[485,484,297,250],"_links":{"self":[{"href":"https:\/\/gastronomidia.com.br\/2021\/wp-json\/wp\/v2\/posts\/3334"}],"collection":[{"href":"https:\/\/gastronomidia.com.br\/2021\/wp-json\/wp\/v2\/posts"}],"about":[{"href":"https:\/\/gastronomidia.com.br\/2021\/wp-json\/wp\/v2\/types\/post"}],"author":[{"embeddable":true,"href":"https:\/\/gastronomidia.com.br\/2021\/wp-json\/wp\/v2\/users\/1"}],"replies":[{"embeddable":true,"href":"https:\/\/gastronomidia.com.br\/2021\/wp-json\/wp\/v2\/comments?post=3334"}],"version-history":[{"count":3,"href":"https:\/\/gastronomidia.com.br\/2021\/wp-json\/wp\/v2\/posts\/3334\/revisions"}],"predecessor-version":[{"id":3338,"href":"https:\/\/gastronomidia.com.br\/2021\/wp-json\/wp\/v2\/posts\/3334\/revisions\/3338"}],"wp:featuredmedia":[{"embeddable":true,"href":"https:\/\/gastronomidia.com.br\/2021\/wp-json\/wp\/v2\/media\/3335"}],"wp:attachment":[{"href":"https:\/\/gastronomidia.com.br\/2021\/wp-json\/wp\/v2\/media?parent=3334"}],"wp:term":[{"taxonomy":"category","embeddable":true,"href":"https:\/\/gastronomidia.com.br\/2021\/wp-json\/wp\/v2\/categories?post=3334"},{"taxonomy":"post_tag","embeddable":true,"href":"https:\/\/gastronomidia.com.br\/2021\/wp-json\/wp\/v2\/tags?post=3334"}],"curies":[{"name":"wp","href":"https:\/\/api.w.org\/{rel}","templated":true}]}}