{"id":3220,"date":"2018-06-27T04:27:38","date_gmt":"2018-06-27T04:27:38","guid":{"rendered":"http:\/\/gastronomidia.com.br\/?p=3220"},"modified":"2018-06-27T04:27:38","modified_gmt":"2018-06-27T04:27:38","slug":"combinado-com-caldo-cortesia","status":"publish","type":"post","link":"https:\/\/gastronomidia.com.br\/2021\/combinado-com-caldo-cortesia\/release\/","title":{"rendered":"Combinado com caldo cortesia em A Fant\u00e1stica Torta da Maria"},"content":{"rendered":"<p>Para aquecer os dias de inverno, nada melhor do que um saboroso e quentinho caldo, n\u00e3o \u00e9 mesmo? Pensando nisso, A Fant\u00e1stica Torta da Maria disp\u00f5e, somente no hor\u00e1rio de almo\u00e7o, da deliciosa op\u00e7\u00e3o como entradinha perfeita para os dias frios de SP.<\/p>\n<p>Ao pedir o combinado da casa (fatia de torta com salada), o cliente ganha o caldo do dia. Cada dia da semana h\u00e1 uma op\u00e7\u00e3o mais saborosa do que a outra. Confira:<\/p>\n<ul>\n<li>Segundas-feiras \u2013 sopa de legumes;<\/li>\n<li>Ter\u00e7as-feiras \u2013 creme de mandioquinha;<\/li>\n<li>Quartas-feiras \u2013 caldo verde;<\/li>\n<li>Quintas-feiras \u2013 canja;<\/li>\n<li>Sextas-feiras \u2013 sopa de cebola e sopa de legumes.<\/li>\n<\/ul>\n<p>N\u00e3o \u00e9 cobrado valor adicional ao combinado, apenas se o cliente quiser levar o caldo \u00e0 parte, em embalagens de 500 ml, paga a quantia de R$ 13,80.<\/p>\n<p><strong>A Fant\u00e1stica Torta da Maria unidade matriz &#8211; Vila Leopoldina:<\/strong><\/p>\n<p>Rua Manuel Bolto, 40 \u2013 Vila Leopoldina &#8211; SP<\/p>\n<p>Delivery \u2013 (11) 3834-3452 ou 3831-6721<\/p>\n<p>Delivery on-line: <a href=\"http:\/\/www.tortamaria.com\">www.tortamaria.com<\/a><\/p>\n<p>&nbsp;<\/p>\n<p><strong>A Fant\u00e1stica Torta da Maria \u2013 unidade Pinheiros:\u00a0\u00a0\u00a0\u00a0\u00a0\u00a0\u00a0\u00a0\u00a0\u00a0 <\/strong><\/p>\n<p>Rua Mourato Coelho, 69<\/p>\n<p>Fone: (11) 2691-0460 ou (11) 98942-6994<\/p>\n<p>&nbsp;<\/p>\n<p><strong>A Fant\u00e1stica Torta da Maria \u2013 unidade Alphaville:\u00a0\u00a0\u00a0\u00a0\u00a0\u00a0\u00a0\u00a0 <\/strong><\/p>\n<p>Centro Comercial de Alphaville \u2013 Cal\u00e7ada das Azaleias, 40<\/p>\n<p>Fone: (11) 4191-7484<\/p>\n","protected":false},"excerpt":{"rendered":"<p>Para aquecer os dias de inverno, nada melhor do que um saboroso e quentinho caldo, n\u00e3o \u00e9 mesmo? Pensando nisso, A Fant\u00e1stica Torta da Maria disp\u00f5e, somente no hor\u00e1rio de almo\u00e7o, da deliciosa op\u00e7\u00e3o como entradinha perfeita para os dias frios de SP. Ao pedir o combinado da casa (fatia de torta com salada), o &hellip;<\/p>\n","protected":false},"author":1,"featured_media":3221,"comment_status":"open","ping_status":"open","sticky":false,"template":"","format":"standard","meta":[],"categories":[446],"tags":[447,274,275],"_links":{"self":[{"href":"https:\/\/gastronomidia.com.br\/2021\/wp-json\/wp\/v2\/posts\/3220"}],"collection":[{"href":"https:\/\/gastronomidia.com.br\/2021\/wp-json\/wp\/v2\/posts"}],"about":[{"href":"https:\/\/gastronomidia.com.br\/2021\/wp-json\/wp\/v2\/types\/post"}],"author":[{"embeddable":true,"href":"https:\/\/gastronomidia.com.br\/2021\/wp-json\/wp\/v2\/users\/1"}],"replies":[{"embeddable":true,"href":"https:\/\/gastronomidia.com.br\/2021\/wp-json\/wp\/v2\/comments?post=3220"}],"version-history":[{"count":1,"href":"https:\/\/gastronomidia.com.br\/2021\/wp-json\/wp\/v2\/posts\/3220\/revisions"}],"predecessor-version":[{"id":3222,"href":"https:\/\/gastronomidia.com.br\/2021\/wp-json\/wp\/v2\/posts\/3220\/revisions\/3222"}],"wp:featuredmedia":[{"embeddable":true,"href":"https:\/\/gastronomidia.com.br\/2021\/wp-json\/wp\/v2\/media\/3221"}],"wp:attachment":[{"href":"https:\/\/gastronomidia.com.br\/2021\/wp-json\/wp\/v2\/media?parent=3220"}],"wp:term":[{"taxonomy":"category","embeddable":true,"href":"https:\/\/gastronomidia.com.br\/2021\/wp-json\/wp\/v2\/categories?post=3220"},{"taxonomy":"post_tag","embeddable":true,"href":"https:\/\/gastronomidia.com.br\/2021\/wp-json\/wp\/v2\/tags?post=3220"}],"curies":[{"name":"wp","href":"https:\/\/api.w.org\/{rel}","templated":true}]}}