{"id":3203,"date":"2018-06-26T03:53:30","date_gmt":"2018-06-26T03:53:30","guid":{"rendered":"http:\/\/gastronomidia.com.br\/?p=3203"},"modified":"2018-06-26T03:53:30","modified_gmt":"2018-06-26T03:53:30","slug":"salton-lanca-nova-garrafa","status":"publish","type":"post","link":"https:\/\/gastronomidia.com.br\/2021\/salton-lanca-nova-garrafa\/marketing\/","title":{"rendered":"Nova vers\u00e3o de 1,5 litro do Suco de Uva da Salton \u00e9 envasada com garrafa Verallia"},"content":{"rendered":"<p>A fam\u00edlia do <strong>Suco de Uva Salton<\/strong> ganha o refor\u00e7o da vers\u00e3o tamanho fam\u00edlia de 1,5 litro. Com garrafa da <strong>Verallia<\/strong>, fabricante de embalagens de vidro para alimentos e bebidas, a Vin\u00edcola Salton idealizou uma embalagem maior para atender a demanda do mercado. \u201cTanto os distribuidores quanto as grandes redes sinalizaram o caminho para oferecermos uma nova embalagem de um produto muito bem aceito, mantendo sua qualidade\u201d, explica o diretor comercial da Salton, Cleber Slaifer.<\/p>\n<p>A garrafa desenvolvida pela Verallia tem pega ergon\u00f4mica na base superior e o fechamento da boca de 38 mm \u00e9 feito com tampa met\u00e1lica twist off. \u201cAp\u00f3s pesquisa de tend\u00eancias mundiais de design no segmento de sucos, desenhamos esta garrafa para a Salton. Atendemos todos os requisitos do cliente, incluindo sua linha de produ\u00e7\u00e3o\u201d, explica Alexandre Bonfim, supervisor de novos produtos da Verallia. A nova embalagem tamb\u00e9m ganha um r\u00f3tulo ainda mais cl\u00e1ssico, nas cores p\u00e9rola e dourada, com letras pretas.<\/p>\n<p>A vers\u00e3o de 1,5 litro se junta as de 500 ml e 1 litro. O novo tamanho atende as necessidades da fam\u00edlia brasileira, sem perder a saudabilidade de uma produ\u00e7\u00e3o 100% natural. Elaborado somente durante a safra das uvas Bord\u00f4, Concord, Isabel e Violeta, o Suco de Uva Salton n\u00e3o tem adi\u00e7\u00e3o extra de a\u00e7\u00facar e \u00e9 100% natural e integral, ou seja, n\u00e3o tem conservantes. Cremoso, possui uma colora\u00e7\u00e3o intensa com reflexos roxo viol\u00e1ceos, aroma de amoras, framboesas, sabor levemente \u00e1cido do varietal, lembrando o suco feito em casa.<\/p>\n<p><strong>Sobre a Verallia<\/strong><\/p>\n<p>Grupo independente e uma das tr\u00eas maiores fabricantes mundiais de embalagens de vidro, a Verallia oferece solu\u00e7\u00f5es inovadoras, personalizadas e sustent\u00e1veis \u00e0 ind\u00fastria de alimentos e bebidas. Com f\u00e1bricas em 12 pa\u00edses, cinco centros t\u00e9cnicos e 13 centros de desenvolvimento de produtos, a Verallia atende a mais de 10 mil clientes em todo o mundo. \u00a0Em 2017, a Verallia produziu aproximadamente 16 bilh\u00f5es de garrafas e potes de vidro no mundo e obteve vendas l\u00edquidas de 2,5 bilh\u00f5es de euros. No Brasil, a Verallia possui tr\u00eas f\u00e1bricas localizadas nas cidades de Campo Bom (RS), Porto Ferreira (SP) e S\u00e3o Paulo (SP) e ainda disponibiliza aos seus clientes um Centro de Cria\u00e7\u00f5es para o desenvolvimento de novos produtos. Para mais informa\u00e7\u00f5es acesse <a href=\"http:\/\/www.verallia.com.br\" target=\"_blank\" rel=\"noopener\">www.verallia.com.br<\/a>.<\/p>\n","protected":false},"excerpt":{"rendered":"<p>A fam\u00edlia do Suco de Uva Salton ganha o refor\u00e7o da vers\u00e3o tamanho fam\u00edlia de 1,5 litro. Com garrafa da Verallia, fabricante de embalagens de vidro para alimentos e bebidas, a Vin\u00edcola Salton idealizou uma embalagem maior para atender a demanda do mercado. \u201cTanto os distribuidores quanto as grandes redes sinalizaram o caminho para oferecermos &hellip;<\/p>\n","protected":false},"author":1,"featured_media":3204,"comment_status":"open","ping_status":"open","sticky":false,"template":"","format":"standard","meta":[],"categories":[158,127,129,381,128],"tags":[],"_links":{"self":[{"href":"https:\/\/gastronomidia.com.br\/2021\/wp-json\/wp\/v2\/posts\/3203"}],"collection":[{"href":"https:\/\/gastronomidia.com.br\/2021\/wp-json\/wp\/v2\/posts"}],"about":[{"href":"https:\/\/gastronomidia.com.br\/2021\/wp-json\/wp\/v2\/types\/post"}],"author":[{"embeddable":true,"href":"https:\/\/gastronomidia.com.br\/2021\/wp-json\/wp\/v2\/users\/1"}],"replies":[{"embeddable":true,"href":"https:\/\/gastronomidia.com.br\/2021\/wp-json\/wp\/v2\/comments?post=3203"}],"version-history":[{"count":1,"href":"https:\/\/gastronomidia.com.br\/2021\/wp-json\/wp\/v2\/posts\/3203\/revisions"}],"predecessor-version":[{"id":3205,"href":"https:\/\/gastronomidia.com.br\/2021\/wp-json\/wp\/v2\/posts\/3203\/revisions\/3205"}],"wp:featuredmedia":[{"embeddable":true,"href":"https:\/\/gastronomidia.com.br\/2021\/wp-json\/wp\/v2\/media\/3204"}],"wp:attachment":[{"href":"https:\/\/gastronomidia.com.br\/2021\/wp-json\/wp\/v2\/media?parent=3203"}],"wp:term":[{"taxonomy":"category","embeddable":true,"href":"https:\/\/gastronomidia.com.br\/2021\/wp-json\/wp\/v2\/categories?post=3203"},{"taxonomy":"post_tag","embeddable":true,"href":"https:\/\/gastronomidia.com.br\/2021\/wp-json\/wp\/v2\/tags?post=3203"}],"curies":[{"name":"wp","href":"https:\/\/api.w.org\/{rel}","templated":true}]}}