{"id":3127,"date":"2018-06-12T06:20:30","date_gmt":"2018-06-12T06:20:30","guid":{"rendered":"http:\/\/gastronomidia.com.br\/?p=3127"},"modified":"2018-06-12T06:20:30","modified_gmt":"2018-06-12T06:20:30","slug":"fispal-food-service-comercializa-100","status":"publish","type":"post","link":"https:\/\/gastronomidia.com.br\/2021\/fispal-food-service-comercializa-100\/negocios\/","title":{"rendered":"Fispal Food Service Comercializa 100% da \u00e1rea na edi\u00e7\u00e3o 2018"},"content":{"rendered":"<div class=\"itemIntroText\">\n<p>Planta da Fispal ocupar\u00e1 cerca de 36 mil m\u00b2 nos pavilh\u00f5es do Expo Center Norte. Evento ter\u00e1, ainda, a presen\u00e7a da nova presidente do Sebrae, Heloisa Menezes<\/p>\n<\/div>\n<div class=\"itemFullText\">\n<p>O setor de alimenta\u00e7\u00e3o fora do lar j\u00e1 mostra sinais de recupera\u00e7\u00e3o. Prova disso \u00e9 que a Fispal Food Service, que come\u00e7a na pr\u00f3xima semana, teve 100% do seu espa\u00e7o comercializado. A feira que oferece solu\u00e7\u00f5es, lan\u00e7amentos e inova\u00e7\u00f5es para estabelecimentos do mercado de food service ocorrer\u00e1, entre os dias 12 e 15 de junho, no Expo Center Norte, em S\u00e3o Paulo.<\/p>\n<p>A 34\u00aa edi\u00e7\u00e3o do evento reunir\u00e1 481 expositores e ocupar\u00e1 cerca de 36 mil m\u00b2 do pavilh\u00e3o. No ano passado, a feira recebeu um p\u00fablico de 51 mil pessoas e contou com um pouco mais de 400 expositores. A inclus\u00e3o de um novo setor, o Espa\u00e7o Alimentos e Bebidas, ampliou a \u00e1rea previamente contratada em 5%.<\/p>\n<p>\u201cA grande procura por parte dos expositores \u00e9 um sinal que o segmento de alimenta\u00e7\u00e3o fora do lar est\u00e1 aquecido e, tamb\u00e9m, \u00e9 um reconhecimento da import\u00e2ncia da Fispal Food Service para o seu setor. Superamos nosso objetivo e temos a expectativa de atingir, ainda, o recorde de visitantes\u201d, comenta Cl\u00e9lia Iwaki, diretora da Informa Exhibitions.<\/p>\n<p>Nova Presidente do Sebrae apresentar\u00e1 Palestra<\/p>\n<p>O F\u00f3rum Gest\u00e3o \u00e0 Mesa, que \u00e9 realizado em parceria com a Abrasel, ter\u00e1 entre seus palestrantes a presen\u00e7a da nova presidente do Sebrae, Heloisa Menezes. A executiva estar\u00e1 na plen\u00e1ria Desafios e Oportunidades de Neg\u00f3cio na Cadeia de Alimentos e Bebidas, \u00e0s 16h50 do dia 14 de junho.<\/p>\n<p>As informa\u00e7\u00f5es do complexo Fispal Food Service podem ser encontradas no site da feira: www.fispalfoodservice.com.br. O credenciamento para os visitantes deve ser realizado de maneira antecipada para garantia de gratuidade no acesso ao evento.<\/p>\n<p>Fispal Food Service,<\/p>\n<p>12 a 14 de junho, das 13h \u00e0s 21h<\/p>\n<p>15 de junho, das 13h \u00e0s 20h<\/p>\n<p>Expo Center Norte<\/p>\n<p>Rua Jos\u00e9 Bernardo Pinto, 333 &#8211; Vila Guilherme, S\u00e3o Paulo (SP)<\/p>\n<p>Sobre a Fispal<\/p>\n<p>A marca Fispal, que come\u00e7ou como um encontro de engenheiros chamado Feira de Insumos para Alimentos, no Pal\u00e1cio de Conven\u00e7\u00f5es do Anhembi, hoje representa o maior encontro do setor na Am\u00e9rica Latina. Em 2001, com o objetivo de atender a ind\u00fastria de alimentos e bebidas e o setor de alimenta\u00e7\u00e3o fora do lar, a Fispal se segmentou em duas feiras: Fispal Tecnologia \u2013 Feira Internacional de Tecnologia para as ind\u00fastrias de alimentos e Bebidas e a Fispal Food Service: Feira internacional de produtos e servi\u00e7os para alimenta\u00e7\u00e3o fora do lar. A marca ainda agregou a Fispal Sorvetes \u2013 Feira de Tecnologia para a Ind\u00fastria de Sorveteria Profissional e a Fispal Caf\u00e9: Feira de neg\u00f3cios par ao setor Cafeeiro.<\/p>\n<p>As feiras, que hoje acompanham as mudan\u00e7as e a evolu\u00e7\u00e3o do mercado no Brasil e no mundo, s\u00e3o marcadas pelo lan\u00e7amento de novas tecnologias, produtos, profissionaliza\u00e7\u00e3o de m\u00e3o de obra e pela expans\u00e3o para novos mercados. Atualmente, a marca Fispal \u00e9 composta de feiras que atendem toda a cadeia de alimentos e bebidas, desde a mat\u00e9ria-prima, passando por m\u00e1quinas, equipamentos e processos, chegando at\u00e9 o setor de alimenta\u00e7\u00e3o fora do lar.<\/p>\n<p>Saiba mais em: <a href=\"http:\/\/www.fispal.com.br\" target=\"_blank\" rel=\"noopener\">http:\/\/www.fispal.com.br<\/a><\/p>\n<p>Sobre a Informa Exhibitions<\/p>\n<p>A Informa Exhibitions cria comunidades e conecta pessoas e marcas em todo o mundo e, aliando as entregas de suas feiras com uma nova estrat\u00e9gia digital, gera oportunidades e relacionamentos 365 dias por ano. Com escrit\u00f3rios em S\u00e3o Paulo (sede) e Curitiba e cerca de 200 profissionais, a empresa conta em seu portf\u00f3lio com marcas como Agrishow, Fispal Tecnologia, FispalFood Service, ForM\u00f3bile, Futurecom, ABF Franchising Expo, Serigrafia SIGN FutureTEXTIL, Feimec, Expomafe, Pl\u00e1stico Brasil, High Design Home &amp; Office Expo, entre outros, totalizando 21 eventos setoriais. No mundo, atua em 150 escrit\u00f3rios em 57 pa\u00edses e \u00e9 l\u00edder em intelig\u00eancia de neg\u00f3cios, publica\u00e7\u00f5es acad\u00eamicas, conhecimento e eventos, com capital aberto e pap\u00e9is negociados na bolsa de Londres.<\/p>\n<p>Fonte\/Cr\u00e9ditos: Segs<\/p>\n<\/div>\n","protected":false},"excerpt":{"rendered":"<p>Planta da Fispal ocupar\u00e1 cerca de 36 mil m\u00b2 nos pavilh\u00f5es do Expo Center Norte. Evento ter\u00e1, ainda, a presen\u00e7a da nova presidente do Sebrae, Heloisa Menezes O setor de alimenta\u00e7\u00e3o fora do lar j\u00e1 mostra sinais de recupera\u00e7\u00e3o. Prova disso \u00e9 que a Fispal Food Service, que come\u00e7a na pr\u00f3xima semana, teve 100% do &hellip;<\/p>\n","protected":false},"author":1,"featured_media":3128,"comment_status":"open","ping_status":"open","sticky":false,"template":"","format":"standard","meta":[],"categories":[130,129],"tags":[220,385,386,131],"_links":{"self":[{"href":"https:\/\/gastronomidia.com.br\/2021\/wp-json\/wp\/v2\/posts\/3127"}],"collection":[{"href":"https:\/\/gastronomidia.com.br\/2021\/wp-json\/wp\/v2\/posts"}],"about":[{"href":"https:\/\/gastronomidia.com.br\/2021\/wp-json\/wp\/v2\/types\/post"}],"author":[{"embeddable":true,"href":"https:\/\/gastronomidia.com.br\/2021\/wp-json\/wp\/v2\/users\/1"}],"replies":[{"embeddable":true,"href":"https:\/\/gastronomidia.com.br\/2021\/wp-json\/wp\/v2\/comments?post=3127"}],"version-history":[{"count":1,"href":"https:\/\/gastronomidia.com.br\/2021\/wp-json\/wp\/v2\/posts\/3127\/revisions"}],"predecessor-version":[{"id":3129,"href":"https:\/\/gastronomidia.com.br\/2021\/wp-json\/wp\/v2\/posts\/3127\/revisions\/3129"}],"wp:featuredmedia":[{"embeddable":true,"href":"https:\/\/gastronomidia.com.br\/2021\/wp-json\/wp\/v2\/media\/3128"}],"wp:attachment":[{"href":"https:\/\/gastronomidia.com.br\/2021\/wp-json\/wp\/v2\/media?parent=3127"}],"wp:term":[{"taxonomy":"category","embeddable":true,"href":"https:\/\/gastronomidia.com.br\/2021\/wp-json\/wp\/v2\/categories?post=3127"},{"taxonomy":"post_tag","embeddable":true,"href":"https:\/\/gastronomidia.com.br\/2021\/wp-json\/wp\/v2\/tags?post=3127"}],"curies":[{"name":"wp","href":"https:\/\/api.w.org\/{rel}","templated":true}]}}