{"id":3107,"date":"2018-06-05T15:19:19","date_gmt":"2018-06-05T15:19:19","guid":{"rendered":"http:\/\/gastronomidia.com.br\/?p=3107"},"modified":"2018-06-05T15:19:19","modified_gmt":"2018-06-05T15:19:19","slug":"barilla-promove-acao-para-difundir-conceito-masters-of-pasta","status":"publish","type":"post","link":"https:\/\/gastronomidia.com.br\/2021\/barilla-promove-acao-para-difundir-conceito-masters-of-pasta\/midia\/","title":{"rendered":"Barilla promove a\u00e7\u00e3o para difundir conceito Masters of Pasta"},"content":{"rendered":"<p>A\u00a0<strong>Barilla<\/strong>, empresa italiana que fabrica massas, aposta em a\u00e7\u00e3o com influenciadores nas m\u00eddias sociais visando promover o novo conceito global da marca: \u201c<a href=\"https:\/\/www.youtube.com\/watch?v=Z9kmU-G2T2s\" target=\"_blank\" rel=\"noopener\"><strong>Masters Of Pasta<\/strong><\/a>\u201c. Dando continuidade \u00e0 campanha com o tenista Roger Federer, a mensagem \u00e9 que qualquer pessoa pode ser um mestre da pasta se escolher os melhores ingredientes e preparar um prato saboroso. Intitulada \u201cDicas\u201d, campanha teve sua estreia em maio em parceria com o canal\u00a0<strong>Tastemade Brasil<\/strong>.<\/p>\n<p>Ideia contempla cinco v\u00eddeos onde influenciadores digitais de diferentes \u00e1reas ensinam dicas essenciais de como preparar uma boa massa. Fazem parte dessa a\u00e7\u00e3o a especialista em cinema Carol Moreira, a estilista e dona da marca que leva seu sobrenome Ana Paula Xongani, o fot\u00f3grafo Raul, a especialista em astrologia Cl\u00e1udia Lisboa e o apresentador Erick Krominski.<\/p>\n<p>Em cada v\u00eddeo, com cerca de um minuto e 15 segundos, esses influenciadores preparam diferentes receitas com massas Barilla compartilhando algumas dicas e desmistificando as principais d\u00favidas dos consumidores como, por exemplo, n\u00e3o colocar \u00f3leo na \u00e1gua de cozimento, finalizar a massa no molho, tempo ideal para a massa ficar \u201cal dente\u201d, n\u00e3o lavar a massa e a prepara\u00e7\u00e3o perfeita para uma lasanha.<\/p>\n<p>\u201cAl\u00e9m de ser um conte\u00fado com abordagem educacional e presta\u00e7\u00e3o de servi\u00e7os, essa a\u00e7\u00e3o est\u00e1 atrelada a um dos principais conceitos-chave da Barilla que promove a diversidade representada, nessa campanha, pela escolha de diferentes perfis dos influenciadores participantes\u201d, declara Fabiana Ara\u00fajo, gerente de Marketing da Barilla.<\/p>\n<p>Elaborada e implementada pela REF+, posicionada entre as cinco maiores ag\u00eancias independentes no Brasil, a veicula\u00e7\u00e3o dessa campanha acontece dentro dos canais do Tastemade (Facebook,\u00a0Instagram,\u00a0YouTube\u00a0e Aplicativo), que ser\u00e1 um importante parceiro de m\u00eddia para a Barilla em 2018. Os v\u00eddeos est\u00e3o sendo publicados nos dias: 16 de maio, 30 de maio, 13 de junho, 27 de junho e 11 de julho.<\/p>\n<div id=\"sabor-23202347\" class=\"sabor-antes-do-conteudo-h4\"><img loading=\"lazy\" title=\"Banner Espa\u00e7amento\" src=\"http:\/\/www.saboravida.com.br\/wp-content\/uploads\/2018\/03\/banner-espacamento-728x6.jpg\" sizes=\"(max-width: 728px) 100vw, 728px\" srcset=\"http:\/\/www.saboravida.com.br\/wp-content\/uploads\/2018\/03\/banner-espacamento-728x6.jpg 728w, http:\/\/www.saboravida.com.br\/wp-content\/uploads\/2018\/03\/banner-espacamento-728x6-300x2.jpg 300w\" alt=\"Banner Espa\u00e7amento\" width=\"728\" height=\"6\" \/><\/div>\n<h4><strong>Sobre a Barilla<\/strong><\/h4>\n<p>A\u00a0<strong>Barilla<\/strong>\u00a0\u00e9 a maior fabricante de massas do mundo. De origem italiana, est\u00e1 presente em mais de 100 pa\u00edses e completa 140 anos de hist\u00f3ria em 2017, e 20 anos de Brasil. Atua sob dois conceitos-chave principais: \u201cBom para Voc\u00ea, Bom para o Planeta\u201d (que propaga o consumo consciente e sustent\u00e1vel, valorizando os recursos naturais) e \u201cBom para as Comunidades\u201d (que atua em causas de interesse de toda a comunidade, como diversidade e inclus\u00e3o sob aspectos de g\u00eanero, ra\u00e7a, orienta\u00e7\u00e3o sexual e acessibilidade, al\u00e9m de quest\u00f5es de combate \u00e0 pobreza e fome no mundo, entre outras). Site:\u00a0<a href=\"https:\/\/www.barilla.com\/pt-br\" target=\"_blank\" rel=\"noopener\">www.barilla.com<\/a>.<\/p>\n<p>Fonte: Sabor \u00e0 Vida<\/p>\n","protected":false},"excerpt":{"rendered":"<p>A\u00a0Barilla, empresa italiana que fabrica massas, aposta em a\u00e7\u00e3o com influenciadores nas m\u00eddias sociais visando promover o novo conceito global da marca: \u201cMasters Of Pasta\u201c. Dando continuidade \u00e0 campanha com o tenista Roger Federer, a mensagem \u00e9 que qualquer pessoa pode ser um mestre da pasta se escolher os melhores ingredientes e preparar um prato &hellip;<\/p>\n","protected":false},"author":1,"featured_media":3108,"comment_status":"open","ping_status":"open","sticky":false,"template":"","format":"standard","meta":[],"categories":[130,127,95,129,128],"tags":[371,373,374,376,88,315,372,375],"_links":{"self":[{"href":"https:\/\/gastronomidia.com.br\/2021\/wp-json\/wp\/v2\/posts\/3107"}],"collection":[{"href":"https:\/\/gastronomidia.com.br\/2021\/wp-json\/wp\/v2\/posts"}],"about":[{"href":"https:\/\/gastronomidia.com.br\/2021\/wp-json\/wp\/v2\/types\/post"}],"author":[{"embeddable":true,"href":"https:\/\/gastronomidia.com.br\/2021\/wp-json\/wp\/v2\/users\/1"}],"replies":[{"embeddable":true,"href":"https:\/\/gastronomidia.com.br\/2021\/wp-json\/wp\/v2\/comments?post=3107"}],"version-history":[{"count":1,"href":"https:\/\/gastronomidia.com.br\/2021\/wp-json\/wp\/v2\/posts\/3107\/revisions"}],"predecessor-version":[{"id":3109,"href":"https:\/\/gastronomidia.com.br\/2021\/wp-json\/wp\/v2\/posts\/3107\/revisions\/3109"}],"wp:featuredmedia":[{"embeddable":true,"href":"https:\/\/gastronomidia.com.br\/2021\/wp-json\/wp\/v2\/media\/3108"}],"wp:attachment":[{"href":"https:\/\/gastronomidia.com.br\/2021\/wp-json\/wp\/v2\/media?parent=3107"}],"wp:term":[{"taxonomy":"category","embeddable":true,"href":"https:\/\/gastronomidia.com.br\/2021\/wp-json\/wp\/v2\/categories?post=3107"},{"taxonomy":"post_tag","embeddable":true,"href":"https:\/\/gastronomidia.com.br\/2021\/wp-json\/wp\/v2\/tags?post=3107"}],"curies":[{"name":"wp","href":"https:\/\/api.w.org\/{rel}","templated":true}]}}