{"id":3088,"date":"2018-06-02T01:55:43","date_gmt":"2018-06-02T01:55:43","guid":{"rendered":"http:\/\/gastronomidia.com.br\/?p=3088"},"modified":"2018-06-02T01:55:43","modified_gmt":"2018-06-02T01:55:43","slug":"ja-em-ritmo-de-sao-joao-feira-de-food-truck-movimenta-praia-da-barra","status":"publish","type":"post","link":"https:\/\/gastronomidia.com.br\/2021\/ja-em-ritmo-de-sao-joao-feira-de-food-truck-movimenta-praia-da-barra\/fast-food\/","title":{"rendered":"J\u00e1 em ritmo de S\u00e3o Jo\u00e3o, feira de Food Truck movimenta Praia da Barra"},"content":{"rendered":"<p dir=\"ltr\">Com a promessa de levar at\u00e9 as pessoas, o melhor e mais saud\u00e1vel hamb\u00farguer do mercado, o The Evers Burger ainda investe em \u00a0lan\u00e7amentos a cada evento, trazendo um novo sabor \u201cedi\u00e7\u00e3o limitada\u201d para cada um. Em homenagem a festa t\u00edpica mais badalada da cidade, a atra\u00e7\u00e3o principal \u00e9 o hamb\u00farguer \u201cBanana da terra\u201d, perfeito \u00a0para quem n\u00e3o come gl\u00faten. O especial de S\u00e3o Jo\u00e3o n\u00e3o acaba por a\u00ed, cada pessoa que passar pelo Food Truck, na compra de um maravilhoso hamb\u00farguer \u201cedi\u00e7\u00e3o limitada\u201d, ganha 1 por\u00e7\u00e3o de batata frita.<\/p>\n<p dir=\"ltr\">O The Evers Burger trabalha com carnes temperadas na hora, preparadas em chapas separadas e com op\u00e7\u00f5es veganas. Carlos Evers, apaixonado por culin\u00e1ria desde os 7 anos de idade e dono do Food Truck, traz \u00a0um misto de qualidade e criatividade em seus sabores.\u00a0 Com o m\u00eas de junho e as festas juninas as portas, o The Evers Burger vai marcar presen\u00e7a na feira de S\u00e3o Jo\u00e3o, na pra\u00e7a do \u00d3, na Barra da Tijuca. O evento que \u00e9 gratuito, vai acontecer nos dias 01, 02 e 3 de junho e tamb\u00e9m conta com a presen\u00e7a de bandas de forr\u00f3, quadrilhas, sertanejo universit\u00e1rio, comidas t\u00edpicas, cervejas artesanais, espa\u00e7o de lazer para as crian\u00e7as, entre outras atra\u00e7\u00f5es. O arrai\u00e1 da Barra \u00e9 o mais esperado da regi\u00e3o, por moradores do bairro e visitantes de toda a cidade do Rio de Janeiro que curte as melhores comidas e m\u00fasicas de S\u00e3o Jo\u00e3o.<\/p>\n<p dir=\"ltr\"><strong>Servi\u00e7o<br \/>\n<\/strong>Site do Food Truck:\u00a0<a href=\"http:\/\/www.theeverburger.com.br\/\" target=\"_blank\" rel=\"noopener\" data-saferedirecturl=\"https:\/\/www.google.com\/url?q=http:\/\/www.theeverburger.com.br\/&amp;source=gmail&amp;ust=1527952712586000&amp;usg=AFQjCNFfbZZwZWa4BZ0d2_emVbJCJGhtNw\">www.theeverburger.com.br<\/a><br \/>\nEndere\u00e7o do evento: Pra\u00e7a do \u00d3 \u2013 Barra da Tijuca, posto 3<br \/>\nData: 01\/06 a 03\/06<br \/>\nHor\u00e1rio: In\u00edcio: 16h \/ T\u00e9rmino: 00h<\/p>\n<p>Fonte\/Cr\u00e9ditos: Reda\u00e7\u00e3o SopaCultural<\/p>\n","protected":false},"excerpt":{"rendered":"<p>Com a promessa de levar at\u00e9 as pessoas, o melhor e mais saud\u00e1vel hamb\u00farguer do mercado, o The Evers Burger ainda investe em \u00a0lan\u00e7amentos a cada evento, trazendo um novo sabor \u201cedi\u00e7\u00e3o limitada\u201d para cada um. Em homenagem a festa t\u00edpica mais badalada da cidade, a atra\u00e7\u00e3o principal \u00e9 o hamb\u00farguer \u201cBanana da terra\u201d, perfeito &hellip;<\/p>\n","protected":false},"author":1,"featured_media":3089,"comment_status":"open","ping_status":"open","sticky":false,"template":"","format":"standard","meta":[],"categories":[183,136,99,130],"tags":[359,360,280],"_links":{"self":[{"href":"https:\/\/gastronomidia.com.br\/2021\/wp-json\/wp\/v2\/posts\/3088"}],"collection":[{"href":"https:\/\/gastronomidia.com.br\/2021\/wp-json\/wp\/v2\/posts"}],"about":[{"href":"https:\/\/gastronomidia.com.br\/2021\/wp-json\/wp\/v2\/types\/post"}],"author":[{"embeddable":true,"href":"https:\/\/gastronomidia.com.br\/2021\/wp-json\/wp\/v2\/users\/1"}],"replies":[{"embeddable":true,"href":"https:\/\/gastronomidia.com.br\/2021\/wp-json\/wp\/v2\/comments?post=3088"}],"version-history":[{"count":1,"href":"https:\/\/gastronomidia.com.br\/2021\/wp-json\/wp\/v2\/posts\/3088\/revisions"}],"predecessor-version":[{"id":3090,"href":"https:\/\/gastronomidia.com.br\/2021\/wp-json\/wp\/v2\/posts\/3088\/revisions\/3090"}],"wp:featuredmedia":[{"embeddable":true,"href":"https:\/\/gastronomidia.com.br\/2021\/wp-json\/wp\/v2\/media\/3089"}],"wp:attachment":[{"href":"https:\/\/gastronomidia.com.br\/2021\/wp-json\/wp\/v2\/media?parent=3088"}],"wp:term":[{"taxonomy":"category","embeddable":true,"href":"https:\/\/gastronomidia.com.br\/2021\/wp-json\/wp\/v2\/categories?post=3088"},{"taxonomy":"post_tag","embeddable":true,"href":"https:\/\/gastronomidia.com.br\/2021\/wp-json\/wp\/v2\/tags?post=3088"}],"curies":[{"name":"wp","href":"https:\/\/api.w.org\/{rel}","templated":true}]}}