{"id":3075,"date":"2018-05-31T20:49:04","date_gmt":"2018-05-31T20:49:04","guid":{"rendered":"http:\/\/gastronomidia.com.br\/?p=3075"},"modified":"2018-05-31T20:49:04","modified_gmt":"2018-05-31T20:49:04","slug":"sanduicheira-eletrica-o-que-as-luzes-significam","status":"publish","type":"post","link":"https:\/\/gastronomidia.com.br\/2021\/sanduicheira-eletrica-o-que-as-luzes-significam\/receitas\/","title":{"rendered":"Sanduicheira el\u00e9trica: o que as luzes significam"},"content":{"rendered":"<p>Se voc\u00ea adora comer um p\u00e3o quentinho ou misto-quente pela manh\u00e3, com certeza voc\u00ea \u00e9 dono de uma\u00a0<strong>sanduicheira el\u00e9trica\u00a0<\/strong>. As sanduicheiras el\u00e9tricas normalmente possuem duas luzes na parte de cima: uma\u00a0<strong>verde\u00a0<\/strong>e uma\u00a0<strong>vermelha\u00a0<\/strong>. Quando a ligamos na tomada, automaticamente uma luz se acende, normalmente a verde. Ent\u00e3o a gente vai l\u00e1 e coloca o sandu\u00edche para esquentar. Mas voc\u00ea sabia que isso \u00e9 errado?<\/p>\n<h2>Afinal, o que cada luz da sanduicheira el\u00e9trica diz?<\/h2>\n<p>Quando voc\u00ea a liga na toma e logo uma luz acende, aquela luz quer simplesmente dizer que a sanduicheira est\u00e1 ligada. Quando a outra luz acende, voc\u00ea costuma retirar o seu sandu\u00edche dela, n\u00e3o \u00e9 mesmo? No entanto, a segunda luz n\u00e3o quer dizer que o lanche est\u00e1 pronto! \u00c9 isso mesmo: talvez voc\u00ea venha usando a sanduicheira el\u00e9trica de maneira errada a vida inteira.<\/p>\n<p>Na verdade, a segunda luz acende para alertar que a sanduicheira j\u00e1 est\u00e1 quente e voc\u00ea j\u00e1 pode come\u00e7ar a us\u00e1-la. \u00c9 por isso que muitas vezes o seu sandu\u00edche continua frio mesmo depois da luz j\u00e1 ter acendido. Agora ficou mais f\u00e1cil, n\u00e3o \u00e9 mesmo? A dica \u00e9 lig\u00e1-la antes de come\u00e7ar a fazer o sandu\u00edche!<\/p>\n<p>Agora que voc\u00ea j\u00e1 sabe como funciona, que tal test\u00e1-la preparando um delicioso p\u00e3o de queijo? Confira a receita abaixo.<\/p>\n<h3>Receita de p\u00e3o de queijo de sanduicheira<\/h3>\n<p>1 x\u00edcara (ch\u00e1) de leite<br \/>\n2 x\u00edcaras (ch\u00e1) de polvilho<br \/>\n1\/2 x\u00edcara (ch\u00e1) de \u00f3leo<br \/>\n1 x\u00edcara (ch\u00e1) de queijo parmes\u00e3o ralado<br \/>\n3 ovos<br \/>\nsal a gosto<\/p>\n<h3>Modo de preparo<\/h3>\n<div id=\"advCard3\" class=\"advertising impactAdv visible\">\n<div id=\"s3--wrapper\">\n<div id=\"s3\" class=\"visible\" data-google-query-id=\"CKKcqrXmsNsCFSXR4QodS5MOgQ\">\n<div id=\"google_ads_iframe_\/1211\/br.terra.tudogostoso.cobranded\/articles_5__container__\">No liquidificador, bata todos os ingredientes at\u00e9 ficar bem homog\u00eaneo.<\/div>\n<\/div>\n<\/div>\n<\/div>\n<p>Em seguida, unte a sanduicheira com um pouco de \u00f3leo ou manteiga.<br \/>\nCom ajuda de uma concha, despeje um pouco da massa na sanduicheira el\u00e9trica.<br \/>\nFeche-a e deixe o p\u00e3o de queijo dourar.<br \/>\nRepita esse processo at\u00e9 acabar a massa.<br \/>\nSirva quente acompanhado de requeij\u00e3o cremoso, cream cheese ou geleia de goiabada.<\/p>\n<p>Fonte\/Cr\u00e9ditos: Terra &#8211; Isabela Henriques<\/p>\n","protected":false},"excerpt":{"rendered":"<p>Se voc\u00ea adora comer um p\u00e3o quentinho ou misto-quente pela manh\u00e3, com certeza voc\u00ea \u00e9 dono de uma\u00a0sanduicheira el\u00e9trica\u00a0. As sanduicheiras el\u00e9tricas normalmente possuem duas luzes na parte de cima: uma\u00a0verde\u00a0e uma\u00a0vermelha\u00a0. Quando a ligamos na tomada, automaticamente uma luz se acende, normalmente a verde. Ent\u00e3o a gente vai l\u00e1 e coloca o sandu\u00edche para &hellip;<\/p>\n","protected":false},"author":1,"featured_media":3078,"comment_status":"open","ping_status":"open","sticky":false,"template":"","format":"standard","meta":[],"categories":[136,130,100],"tags":[138,351,107,350],"_links":{"self":[{"href":"https:\/\/gastronomidia.com.br\/2021\/wp-json\/wp\/v2\/posts\/3075"}],"collection":[{"href":"https:\/\/gastronomidia.com.br\/2021\/wp-json\/wp\/v2\/posts"}],"about":[{"href":"https:\/\/gastronomidia.com.br\/2021\/wp-json\/wp\/v2\/types\/post"}],"author":[{"embeddable":true,"href":"https:\/\/gastronomidia.com.br\/2021\/wp-json\/wp\/v2\/users\/1"}],"replies":[{"embeddable":true,"href":"https:\/\/gastronomidia.com.br\/2021\/wp-json\/wp\/v2\/comments?post=3075"}],"version-history":[{"count":4,"href":"https:\/\/gastronomidia.com.br\/2021\/wp-json\/wp\/v2\/posts\/3075\/revisions"}],"predecessor-version":[{"id":3969,"href":"https:\/\/gastronomidia.com.br\/2021\/wp-json\/wp\/v2\/posts\/3075\/revisions\/3969"}],"wp:featuredmedia":[{"embeddable":true,"href":"https:\/\/gastronomidia.com.br\/2021\/wp-json\/wp\/v2\/media\/3078"}],"wp:attachment":[{"href":"https:\/\/gastronomidia.com.br\/2021\/wp-json\/wp\/v2\/media?parent=3075"}],"wp:term":[{"taxonomy":"category","embeddable":true,"href":"https:\/\/gastronomidia.com.br\/2021\/wp-json\/wp\/v2\/categories?post=3075"},{"taxonomy":"post_tag","embeddable":true,"href":"https:\/\/gastronomidia.com.br\/2021\/wp-json\/wp\/v2\/tags?post=3075"}],"curies":[{"name":"wp","href":"https:\/\/api.w.org\/{rel}","templated":true}]}}