{"id":3054,"date":"2018-05-28T19:38:37","date_gmt":"2018-05-28T19:38:37","guid":{"rendered":"http:\/\/gastronomidia.com.br\/?p=3054"},"modified":"2018-05-28T19:39:51","modified_gmt":"2018-05-28T19:39:51","slug":"casal-inicia-negocio-fazendo-geleias-com-frutas-que-sobravam-de-supermercado","status":"publish","type":"post","link":"https:\/\/gastronomidia.com.br\/2021\/casal-inicia-negocio-fazendo-geleias-com-frutas-que-sobravam-de-supermercado\/midia\/","title":{"rendered":"Casal inicia neg\u00f3cio fazendo geleias com frutas que sobravam de supermercado"},"content":{"rendered":"<div class=\"mc-column content-text active-extra-styles active-capital-letter\" data-block-type=\"unstyled\" data-block-weight=\"66\" data-block-id=\"2\">\n<p class=\"content-text__container theme-color-primary-first-letter\" data-track-category=\"Link no Texto\" data-track-links=\"\">Os av\u00f3s de Marcel Felipe tinham um mercadinho em\u00a0Bra\u00e7o do Norte, no Sul catarinense, e o empreendedorismo j\u00e1 vinha daquela \u00e9poca, d\u00e9cada de 1960: as frutas que sobravam eram aproveitadas para fazer gel\u00e9ias: banana e goiaba, as mais tradicionais da regi\u00e3o. Aos poucos, a fama dos doces se espalhou, at\u00e9 que, em 1969, o av\u00f4 convidou outros tr\u00eas irm\u00e3os para iniciar uma ind\u00fastria de compotas.<\/p>\n<\/div>\n<div class=\"wall\">\n<div class=\"mc-column content-text active-extra-styles \" data-block-type=\"unstyled\" data-block-weight=\"50\" data-block-id=\"3\">\n<p class=\"content-text__container \" data-track-category=\"Link no Texto\" data-track-links=\"\">Nascia a Irm\u00e3os Felipe, que depois passou a se chamar \u00c1urea Doces, e agora \u00c1urea Alimentos, mudan\u00e7as que ocorreram ao longo do tempo, conforme os novos membros da fam\u00edlia chegaram e a empresa expandiu. Atualmente, a empresa \u00e9 administrada pela terceira gera\u00e7\u00e3o, entre eles Marcel, que \u00e9 o diretor comercial.<\/p>\n<\/div>\n<div class=\"mc-column content-text active-extra-styles \" data-block-type=\"unstyled\" data-block-weight=\"85\" data-block-id=\"4\">\n<p class=\"content-text__container \" data-track-category=\"Link no Texto\" data-track-links=\"\">Produzem gel\u00e9ias, doce de leite e outros 130 produtos para consumidores finais e tamb\u00e9m para panifica\u00e7\u00e3o, em embalagens maiores, o que corresponde a 70% do faturamento da empresa. Por\u00e9m, conforme o diretor comercial, \u00e9 visando ampliar as vendas ao consumidor final que est\u00e3o apostando em novos produtos, como um preparo para pudim de leite, que com a adi\u00e7\u00e3o de leite e ovos fica pronto em 7 minutos. O produto foi lan\u00e7ado neste m\u00eas de maio na Feira da Associa\u00e7\u00e3o Paulista de Supermercado, a APAS Show.<\/p>\n<\/div>\n<div class=\"mc-column content-text active-extra-styles \" data-block-type=\"unstyled\" data-block-weight=\"79\" data-block-id=\"5\">\n<p class=\"content-text__container \" data-track-category=\"Link no Texto\" data-track-links=\"\">\u201cN\u00f3s somos conhecidos no chamado mercado food service, em recheios de bolos, sonhos e outros produtos, mas que o cliente n\u00e3o v\u00ea a marca. Agora, pretendemos expandir para fortalecer a marca para o consumidor final. E este produto atende a demanda das pessoas, que querem rapidez, mas tamb\u00e9m se preocupam com a sa\u00fade\u201d, explica o diretor, complementando que a receita foi produzida com 40% menos colesterol, 40% menos gordura e 12% menos cal\u00f3rico do que o leite condensado tradicional.<\/p>\n<\/div>\n<div class=\"mc-column content-text active-extra-styles \" data-block-type=\"unstyled\" data-block-weight=\"60\" data-block-id=\"6\">\n<p class=\"content-text__container \" data-track-category=\"Link no Texto\" data-track-links=\"\">Essas mudan\u00e7as ocorreram ao longo do tempo e tamb\u00e9m impulsionaram a mudan\u00e7a no nome da empresa. Dos 10 sabores de doces produzidos inicialmente, logo come\u00e7aram a produzir o doce de leite, que ainda hoje \u00e9 o carro-chefe da empresa, que passou a se chamar \u00c1urea Doces. Por\u00e9m, conforme novas empresas do setor aliment\u00edcio foram surgindo, o portf\u00f3lio precisou ser ampliado.<\/p>\n<p><span style=\"font-family: inherit; font-size: inherit; font-style: inherit; font-variant-ligatures: inherit; font-variant-caps: inherit; font-weight: inherit; text-align: center;\">\u201cNo in\u00edcio, havia poucas empresas que produziam gel\u00e9ias e doce de leite, hoje s\u00e3o centenas. A\u00ed agregamos os salgados, como maionese, mostarda. Depois veio o refresco em p\u00f3 e mais recentemente o leite condensado\u201d, comenta Maciel. Este \u00faltimo, conforme o gestor, j\u00e1 \u00e9 respons\u00e1vel por uma parte importante do faturamento.<\/span><\/p>\n<\/div>\n<div class=\"mc-column content-text active-extra-styles \" data-block-type=\"unstyled\" data-block-weight=\"50\" data-block-id=\"9\">\n<p class=\"content-text__container \" data-track-category=\"Link no Texto\" data-track-links=\"\">A comercializa\u00e7\u00e3o dos produtos come\u00e7ou nas cidades pr\u00f3ximas a Bra\u00e7o do Norte, depois para outras regi\u00f5es de Santa Catarina, Paran\u00e1 e Rio Grande do Sul. Com o tempo, o portf\u00f3lio de produtos tamb\u00e9m foi expandindo e atualmente, segundo Maciel, a empresa tem representantes comerciais em todos os estados do Brasil.<\/p>\n<\/div>\n<div class=\"mc-column content-text active-extra-styles \" data-block-type=\"unstyled\" data-block-weight=\"23\" data-block-id=\"10\">\n<p class=\"content-text__container \" data-track-category=\"Link no Texto\" data-track-links=\"\">Com essa participa\u00e7\u00e3o em mais estados, tamb\u00e9m conseguiram estudar o comportamento do consumidor e conseguindo adaptar a produ\u00e7\u00e3o de acordo com a demanda.<\/p>\n<p><strong>\u201cNo Sul, as pessoas utilizam os produtos como complementos para o p\u00e3o. J\u00e1 no Sudeste, Norte e Nordeste, s\u00e3o consumidos como sobremesas prontas\u201d, explica o diretor.<\/strong><\/p>\n<\/div>\n<div class=\"mc-column content-text active-extra-styles \" data-block-type=\"unstyled\" data-block-weight=\"24\" data-block-id=\"12\">\n<p class=\"content-text__container \" data-track-category=\"Link no Texto\" data-track-links=\"\">Esse comportamento do consumidor fez com que produzissem, al\u00e9m do pudim, outros produtos como o Chocal, uma mistura de doce de leite e chocolate.<\/p>\n<\/div>\n<div class=\"mc-column content-media content-media--normal  content-photo\" data-block-type=\"backstage-photo\" data-block-id=\"13\">\n<div class=\"content-media__container\">\n<div class=\"content-media__image-centered\">\n<div class=\"progressive-img can-open-lightbox\" data-min-size=\"1008x672\" data-min-size-url=\"https:\/\/s2.glbimg.com\/xn6WkuzkSLlf30Ouv11rx4pG5Zk=\/0x0:1000x667\/1008x0\/smart\/filters:strip_icc()\/i.s3.glbimg.com\/v1\/AUTH_59edd422c0c84a879bd37670ae4f538a\/internal_photos\/bs\/2018\/R\/4\/nHio0PRzuUTUyqRoGGDA\/aurea-alimentos.jpg\" data-max-size=\"1600x1067\" data-max-size-url=\"https:\/\/s2.glbimg.com\/rd275u4Oyf1H1vsr4MhJPDv98Vo=\/0x0:1000x667\/1600x0\/smart\/filters:strip_icc()\/i.s3.glbimg.com\/v1\/AUTH_59edd422c0c84a879bd37670ae4f538a\/internal_photos\/bs\/2018\/R\/4\/nHio0PRzuUTUyqRoGGDA\/aurea-alimentos.jpg\" data-media-index=\"1\">\n<div class=\"placeholder-container\"><\/div>\n<picture><img class=\"image content-media__image progressive-loaded\" title=\"O diretor Arley Felipe, a gerente de marketing Schirlei Osmarini, o diretor comercial Marcel Felipe e o gerente nacional Anderson Felipe aguiar comandam atualmente a empresa.   (Foto: Divulga\u00e7\u00e3o)\" src=\"https:\/\/s2.glbimg.com\/oQhdXeMYMNFRpuVOlYuXfxW6zXc=\/0x0:1000x667\/984x0\/smart\/filters:strip_icc()\/i.s3.glbimg.com\/v1\/AUTH_59edd422c0c84a879bd37670ae4f538a\/internal_photos\/bs\/2018\/R\/4\/nHio0PRzuUTUyqRoGGDA\/aurea-alimentos.jpg\" alt=\"O diretor Arley Felipe, a gerente de marketing Schirlei Osmarini, o diretor comercial Marcel Felipe e o gerente nacional Anderson Felipe aguiar comandam atualmente a empresa.   (Foto: Divulga\u00e7\u00e3o)\" data-src=\"https:\/\/s2.glbimg.com\/oQhdXeMYMNFRpuVOlYuXfxW6zXc=\/0x0:1000x667\/984x0\/smart\/filters:strip_icc()\/i.s3.glbimg.com\/v1\/AUTH_59edd422c0c84a879bd37670ae4f538a\/internal_photos\/bs\/2018\/R\/4\/nHio0PRzuUTUyqRoGGDA\/aurea-alimentos.jpg\" \/><\/picture><\/div>\n<\/div>\n<div class=\"content-media__description-centered \">\n<p class=\"content-media__description\"><i class=\"content-media__description__icon theme-color-primary\"><\/i><span class=\"content-media__description__caption\">O diretor Arley Felipe, a gerente de marketing Schirlei Osmarini, o diretor comercial Marcel Felipe e o gerente nacional Anderson Felipe aguiar comandam atualmente a empresa. (Foto: Divulga\u00e7\u00e3o)<\/span><\/p>\n<\/div>\n<\/div>\n<\/div>\n<div class=\"mc-column content-text active-extra-styles\" data-block-type=\"raw\" data-block-weight=\"3\" data-block-id=\"14\">\n<div class=\"content-intertitle\">\n<h2>Trabalho em fam\u00edlia<\/h2>\n<\/div>\n<\/div>\n<div class=\"mc-column content-text active-extra-styles \" data-block-type=\"unstyled\" data-block-weight=\"61\" data-block-id=\"15\">\n<p class=\"content-text__container \" data-track-category=\"Link no Texto\" data-track-links=\"\">A empresa come\u00e7ou com o av\u00f4 de Marcel e outros tr\u00eas irm\u00e3os. \u00c1urea, inclusive, \u00e9 o nome da filha de um dos fundadores. Por\u00e9m, dois dos irm\u00e3os sa\u00edram do neg\u00f3cio logo ap\u00f3s o in\u00edcio e outro faleceu no final da d\u00e9cada de 1970. Na d\u00e9cada de 80, houve uma transi\u00e7\u00e3o para que outros s\u00f3cios se juntassem, mas todos tamb\u00e9m da fam\u00edlia.<\/p>\n<\/div>\n<div class=\"mc-column content-text active-extra-styles \" data-block-type=\"unstyled\" data-block-weight=\"32\" data-block-id=\"17\">\n<p class=\"content-text__container \" data-track-category=\"Link no Texto\" data-track-links=\"\">Atualmente, segundo Maciel, a quarta gera\u00e7\u00e3o da fam\u00edlia j\u00e1 est\u00e1 na empresa. Seu pai ainda faz parte do Conselho e a terceira gera\u00e7\u00e3o est\u00e1 a frente das fun\u00e7\u00f5es administrativas dos diversos setores.<\/p>\n<\/div>\n<div class=\"mc-column content-text active-extra-styles \" data-block-type=\"unstyled\" data-block-weight=\"35\" data-block-id=\"18\">\n<p class=\"content-text__container \" data-track-category=\"Link no Texto\" data-track-links=\"\">Para que tudo desse certo ao longo do tempo, o diretor comercial explica que todos buscaram profissionalizar-se de forma estrat\u00e9gica, e que isso foi essencial para que o neg\u00f3cio familiar n\u00e3o fosse abalado pelos herdeiros.<\/p>\n<\/div>\n<div class=\"mc-column content-text active-extra-styles \" data-block-type=\"unstyled\" data-block-weight=\"42\" data-block-id=\"19\">\n<p class=\"content-text__container \" data-track-category=\"Link no Texto\" data-track-links=\"\">\u201cA profissionaliza\u00e7\u00e3o foi o segredo para o neg\u00f3cio se manter em harmonia. Hoje, cada um cuida de um setor, mas foi buscar uma especializa\u00e7\u00e3o na \u00e1rea, um curso universit\u00e1rio, j\u00e1 pensando em agregar, mas por m\u00e9rito e com conhecimento para isso\u201d, explica.<\/p>\n<\/div>\n<div class=\"mc-column content-text active-extra-styles \" data-block-type=\"unstyled\" data-block-weight=\"36\" data-block-id=\"20\">\n<p class=\"content-text__container \" data-track-category=\"Link no Texto\" data-track-links=\"\">Assim, a empresa de 250 funcion\u00e1rios segue expandindo e com solidez, segundo o gestor. Al\u00e9m da APAS Show, ainda neste ano Maciel deve participar de outros dois eventos com o objetivo de crescer no mercado interno.<\/p>\n<\/div>\n<\/div>\n<div data-track-category=\"fim do conteudo\" data-track-action=\"ultimo chunk conteudo\" data-track-noninteraction=\"false\" data-track-scroll=\"entrada completa viewport\">\n<div class=\"mc-column content-text active-extra-styles \" data-block-type=\"unstyled\" data-block-weight=\"31\" data-block-id=\"21\">\n<p class=\"content-text__container \" data-track-category=\"Link no Texto\" data-track-links=\"\">\u201cEstamos diversificando o mix de produtos, buscando fortalecer a marca e chegar a mais estabelecimentos, principalmente para o consumidor final. Ainda temos muito para crescer em todo Brasil\u201d, finaliza o diretor.<\/p>\n<p>Fote\/Cr\u00e9ditos: G1 Santa Catarina<\/p>\n<\/div>\n<\/div>\n","protected":false},"excerpt":{"rendered":"<p>Os av\u00f3s de Marcel Felipe tinham um mercadinho em\u00a0Bra\u00e7o do Norte, no Sul catarinense, e o empreendedorismo j\u00e1 vinha daquela \u00e9poca, d\u00e9cada de 1960: as frutas que sobravam eram aproveitadas para fazer gel\u00e9ias: banana e goiaba, as mais tradicionais da regi\u00e3o. Aos poucos, a fama dos doces se espalhou, at\u00e9 que, em 1969, o av\u00f4 &hellip;<\/p>\n","protected":false},"author":1,"featured_media":3056,"comment_status":"open","ping_status":"open","sticky":false,"template":"","format":"standard","meta":[],"categories":[130,95,129],"tags":[308,335,334],"_links":{"self":[{"href":"https:\/\/gastronomidia.com.br\/2021\/wp-json\/wp\/v2\/posts\/3054"}],"collection":[{"href":"https:\/\/gastronomidia.com.br\/2021\/wp-json\/wp\/v2\/posts"}],"about":[{"href":"https:\/\/gastronomidia.com.br\/2021\/wp-json\/wp\/v2\/types\/post"}],"author":[{"embeddable":true,"href":"https:\/\/gastronomidia.com.br\/2021\/wp-json\/wp\/v2\/users\/1"}],"replies":[{"embeddable":true,"href":"https:\/\/gastronomidia.com.br\/2021\/wp-json\/wp\/v2\/comments?post=3054"}],"version-history":[{"count":1,"href":"https:\/\/gastronomidia.com.br\/2021\/wp-json\/wp\/v2\/posts\/3054\/revisions"}],"predecessor-version":[{"id":3055,"href":"https:\/\/gastronomidia.com.br\/2021\/wp-json\/wp\/v2\/posts\/3054\/revisions\/3055"}],"wp:featuredmedia":[{"embeddable":true,"href":"https:\/\/gastronomidia.com.br\/2021\/wp-json\/wp\/v2\/media\/3056"}],"wp:attachment":[{"href":"https:\/\/gastronomidia.com.br\/2021\/wp-json\/wp\/v2\/media?parent=3054"}],"wp:term":[{"taxonomy":"category","embeddable":true,"href":"https:\/\/gastronomidia.com.br\/2021\/wp-json\/wp\/v2\/categories?post=3054"},{"taxonomy":"post_tag","embeddable":true,"href":"https:\/\/gastronomidia.com.br\/2021\/wp-json\/wp\/v2\/tags?post=3054"}],"curies":[{"name":"wp","href":"https:\/\/api.w.org\/{rel}","templated":true}]}}