{"id":3046,"date":"2018-05-26T04:00:48","date_gmt":"2018-05-26T04:00:48","guid":{"rendered":"http:\/\/gastronomidia.com.br\/?p=3046"},"modified":"2018-05-26T04:00:48","modified_gmt":"2018-05-26T04:00:48","slug":"greve-madero-diz-que-restaurantes-podem-fechar-a-partir-de-sabado","status":"publish","type":"post","link":"https:\/\/gastronomidia.com.br\/2021\/greve-madero-diz-que-restaurantes-podem-fechar-a-partir-de-sabado\/negocios\/","title":{"rendered":"Greve: Madero diz que restaurantes podem fechar a partir de s\u00e1bado"},"content":{"rendered":"<p>A\u00a0<strong>paralisa\u00e7\u00e3o dos caminheiros<\/strong>\u00a0aut\u00f4nomos pode afetar o funcionamento do restaurante Madero. A afirma\u00e7\u00e3o \u00e9 do presidente da rede, J\u00fanior Durski. \u201cAinda estamos vivos. Para hoje e amanh\u00e3 estamos fazendo o reposicionamento de produtos dentro da mesma cidade e garantindo a abertura das lojas, mas a partir de s\u00e1bado n\u00e3o teremos mais estoque\u201d, diz o executivo.<\/p>\n<p>A rede tem 131 lojas em 17 estados, 5.200 funcion\u00e1rios e fatura entre 3 milh\u00f5es de reais e 4 milh\u00f5es de reais por dia. \u201cV\u00e3o faltar produtos, principalmente para os sandu\u00edches, que representam 70% das nossas vendas.\u201d<\/p>\n<p>O desabastecimento \u00e9 reflexo do protesto dos caminhoneiros iniciado na segunda-feira contra a\u00a0redu\u00e7\u00e3o no pre\u00e7o do \u00f3leo\u00a0<strong>diesel<\/strong>. A Petrobras anunciou ontem que vai diminuir 10% o valor do combust\u00edvel por 10 dias e est\u00e1 em tramita\u00e7\u00e3o no Congresso Nacional um projeto que prev\u00ea a isen\u00e7\u00e3o de PIS\/Cofins e Cide do diesel. Setor disse que s\u00f3\u00a0<strong>encerra as manifesta\u00e7\u00f5es<\/strong>\u00a0com publica\u00e7\u00e3o no Di\u00e1rio Oficial das isen\u00e7\u00f5es.<\/p>\n<h3>Desabastecimento geral<\/h3>\n<p>Motoristas que precisam abastecer o carro n\u00e3o encontram combust\u00edvel. Nos postos que ainda vendem, existem filas e os pre\u00e7os foram remarcados. O Procon de Pernambuco autuou postos que vendiam o litro da gasolina por 8,99 reais. Em Bras\u00edlia, houve quem vendesse a gasolina por 9,99 reais.<\/p>\n<p>Como\u00a0os caminh\u00f5es que fazem entregas est\u00e3o parados nas estradas, os produtos n\u00e3o chegam aos supermercados, feiras, centrais de abastecimento e farm\u00e1cias. Por conta disso, j\u00e1 ha redes de supermercado restringindo a venda de produtos, caso do Carrefour.<\/p>\n<p>O setor produtivo tamb\u00e9m enfrenta problema de desabastecimento. Empresas processadores de carne suspenderam a produ\u00e7\u00e3o porque n\u00e3o recebem insumos nem conseguem despachar a carga produzida. Produtores de leite est\u00e3o descartando seus produtos. As montadoras tamb\u00e9m est\u00e3o sendo prejudicadas pela greve, pois n\u00e3o recebem pe\u00e7as para manter a linha de produ\u00e7\u00e3o em funcionamento.<\/p>\n<p>Fonte\/Cr\u00e9ditos: Veja &#8211; Gilmara Santos<\/p>\n","protected":false},"excerpt":{"rendered":"<p>A\u00a0paralisa\u00e7\u00e3o dos caminheiros\u00a0aut\u00f4nomos pode afetar o funcionamento do restaurante Madero. A afirma\u00e7\u00e3o \u00e9 do presidente da rede, J\u00fanior Durski. \u201cAinda estamos vivos. Para hoje e amanh\u00e3 estamos fazendo o reposicionamento de produtos dentro da mesma cidade e garantindo a abertura das lojas, mas a partir de s\u00e1bado n\u00e3o teremos mais estoque\u201d, diz o executivo. A &hellip;<\/p>\n","protected":false},"author":1,"featured_media":3047,"comment_status":"open","ping_status":"open","sticky":false,"template":"","format":"standard","meta":[],"categories":[129],"tags":[327,329,257,330,331,328],"_links":{"self":[{"href":"https:\/\/gastronomidia.com.br\/2021\/wp-json\/wp\/v2\/posts\/3046"}],"collection":[{"href":"https:\/\/gastronomidia.com.br\/2021\/wp-json\/wp\/v2\/posts"}],"about":[{"href":"https:\/\/gastronomidia.com.br\/2021\/wp-json\/wp\/v2\/types\/post"}],"author":[{"embeddable":true,"href":"https:\/\/gastronomidia.com.br\/2021\/wp-json\/wp\/v2\/users\/1"}],"replies":[{"embeddable":true,"href":"https:\/\/gastronomidia.com.br\/2021\/wp-json\/wp\/v2\/comments?post=3046"}],"version-history":[{"count":1,"href":"https:\/\/gastronomidia.com.br\/2021\/wp-json\/wp\/v2\/posts\/3046\/revisions"}],"predecessor-version":[{"id":3048,"href":"https:\/\/gastronomidia.com.br\/2021\/wp-json\/wp\/v2\/posts\/3046\/revisions\/3048"}],"wp:featuredmedia":[{"embeddable":true,"href":"https:\/\/gastronomidia.com.br\/2021\/wp-json\/wp\/v2\/media\/3047"}],"wp:attachment":[{"href":"https:\/\/gastronomidia.com.br\/2021\/wp-json\/wp\/v2\/media?parent=3046"}],"wp:term":[{"taxonomy":"category","embeddable":true,"href":"https:\/\/gastronomidia.com.br\/2021\/wp-json\/wp\/v2\/categories?post=3046"},{"taxonomy":"post_tag","embeddable":true,"href":"https:\/\/gastronomidia.com.br\/2021\/wp-json\/wp\/v2\/tags?post=3046"}],"curies":[{"name":"wp","href":"https:\/\/api.w.org\/{rel}","templated":true}]}}