{"id":2873,"date":"2018-05-12T16:20:19","date_gmt":"2018-05-12T16:20:19","guid":{"rendered":"http:\/\/gastronomidia.com.br\/?p=2873"},"modified":"2018-05-12T16:20:19","modified_gmt":"2018-05-12T16:20:19","slug":"latinex-apresenta-temperos-e-molhos-masterchef-brasil","status":"publish","type":"post","link":"https:\/\/gastronomidia.com.br\/2021\/latinex-apresenta-temperos-e-molhos-masterchef-brasil\/novidades\/","title":{"rendered":"Latinex apresenta temperos e molhos Masterchef Brasil"},"content":{"rendered":"<p>A Latinex lan\u00e7a Masterchef Brasil, sua nova linha de temperos e molhos com a assinatura do reality show de culin\u00e1ria. A marca \u00e9 fruto de um acordo de licenciamento com a Endemol Shine Brasil.<\/p>\n<p>Com um mix de 20 produtos com embalagens exclusivas, a proposta da linha Masterchef Brasil \u00e9 oferecer aos consumidores mais praticidade e possibilidades de sabores na cozinha. O lan\u00e7amento da Latinex \u00e9 composto por seis tipos de ervas, tr\u00eas especiarias, dois sais e uma pimenta, quatro molhos exclusivos e quatro temperos com a assinatura do chef Erick Jacquin, um dos jurados da vers\u00e3o brasileira do programa. As embalagens de vidro se diferenciam pelos dosadores na tampa, clareza dos r\u00f3tulos e por permitirem armazenamento e conserva\u00e7\u00e3o nos frascos dos produtos, al\u00e9m de moedores pr\u00f3prios para as vers\u00f5es de sais e pimenta.<\/p>\n<p>O design dos r\u00f3tulos \u00e9 da ag\u00eancia Conceito em Design.<\/p>\n<p>Segundo a Latinex, o desafio de linha Masterchef Brasil no varejo \u00e9 ampliar a categoria de temperos com uma oferta intermedi\u00e1ria entre os produtos nas embalagens pl\u00e1sticas tradicionais e os comercializados em moedores. \u201cIdentificamos que n\u00e3o havia nenhum produto com o custo-benef\u00edcio que os consumidores procuram, e pegamos carona no perfil dos f\u00e3s do programa. S\u00e3o consumidores das classes A, B e C, que gostam de cozinhar e fazem isso pelo menos uma vez por dia\u201d, explica Eduardo Moraes, CEO da Latinex.<\/p>\n<p>O licenciamento da linha \u00e9 o maior investimento da Latinex desde sua estreia no mercado, em 2009. A empresa fez um aporte substancial na amplia\u00e7\u00e3o de sua planta em Curitiba (PR), para o desenvolvimento de receitas e embalagens exclusivas, al\u00e9m da primeira campanha publicit\u00e1ria na TV, que vai ao ar no intervalo do programa veiculado pela Band.<\/p>\n<p><img loading=\"lazy\" class=\"aligncenter size-full wp-image-24116\" src=\"https:\/\/www.embalagemmarca.com.br\/wp-content\/uploads\/2018\/05\/latinex_linha-masterchef-brasil_2.jpg\" srcset=\"https:\/\/www.embalagemmarca.com.br\/wp-content\/uploads\/2018\/05\/latinex_linha-masterchef-brasil_2.jpg 1024w, https:\/\/www.embalagemmarca.com.br\/wp-content\/uploads\/2018\/05\/latinex_linha-masterchef-brasil_2-300x200.jpg 300w\" alt=\"Latinex_linha Masterchef Brasil_2\" width=\"1024\" height=\"684\" \/><img loading=\"lazy\" class=\"aligncenter size-full wp-image-24115\" src=\"https:\/\/www.embalagemmarca.com.br\/wp-content\/uploads\/2018\/05\/latinex_linha-masterchef-brasil_1.jpg\" srcset=\"https:\/\/www.embalagemmarca.com.br\/wp-content\/uploads\/2018\/05\/latinex_linha-masterchef-brasil_1.jpg 1024w, https:\/\/www.embalagemmarca.com.br\/wp-content\/uploads\/2018\/05\/latinex_linha-masterchef-brasil_1-300x200.jpg 300w\" alt=\"Latinex_linha Masterchef Brasil_1\" width=\"1024\" height=\"684\" \/><\/p>\n","protected":false},"excerpt":{"rendered":"<p>A Latinex lan\u00e7a Masterchef Brasil, sua nova linha de temperos e molhos com a assinatura do reality show de culin\u00e1ria. A marca \u00e9 fruto de um acordo de licenciamento com a Endemol Shine Brasil. Com um mix de 20 produtos com embalagens exclusivas, a proposta da linha Masterchef Brasil \u00e9 oferecer aos consumidores mais praticidade &hellip;<\/p>\n","protected":false},"author":1,"featured_media":2874,"comment_status":"open","ping_status":"open","sticky":false,"template":"","format":"standard","meta":[],"categories":[130,95,129,94,100],"tags":[218,121,217,216],"_links":{"self":[{"href":"https:\/\/gastronomidia.com.br\/2021\/wp-json\/wp\/v2\/posts\/2873"}],"collection":[{"href":"https:\/\/gastronomidia.com.br\/2021\/wp-json\/wp\/v2\/posts"}],"about":[{"href":"https:\/\/gastronomidia.com.br\/2021\/wp-json\/wp\/v2\/types\/post"}],"author":[{"embeddable":true,"href":"https:\/\/gastronomidia.com.br\/2021\/wp-json\/wp\/v2\/users\/1"}],"replies":[{"embeddable":true,"href":"https:\/\/gastronomidia.com.br\/2021\/wp-json\/wp\/v2\/comments?post=2873"}],"version-history":[{"count":1,"href":"https:\/\/gastronomidia.com.br\/2021\/wp-json\/wp\/v2\/posts\/2873\/revisions"}],"predecessor-version":[{"id":2875,"href":"https:\/\/gastronomidia.com.br\/2021\/wp-json\/wp\/v2\/posts\/2873\/revisions\/2875"}],"wp:featuredmedia":[{"embeddable":true,"href":"https:\/\/gastronomidia.com.br\/2021\/wp-json\/wp\/v2\/media\/2874"}],"wp:attachment":[{"href":"https:\/\/gastronomidia.com.br\/2021\/wp-json\/wp\/v2\/media?parent=2873"}],"wp:term":[{"taxonomy":"category","embeddable":true,"href":"https:\/\/gastronomidia.com.br\/2021\/wp-json\/wp\/v2\/categories?post=2873"},{"taxonomy":"post_tag","embeddable":true,"href":"https:\/\/gastronomidia.com.br\/2021\/wp-json\/wp\/v2\/tags?post=2873"}],"curies":[{"name":"wp","href":"https:\/\/api.w.org\/{rel}","templated":true}]}}