{"id":2867,"date":"2018-05-12T14:40:37","date_gmt":"2018-05-12T14:40:37","guid":{"rendered":"http:\/\/gastronomidia.com.br\/?p=2867"},"modified":"2018-05-12T14:40:37","modified_gmt":"2018-05-12T14:40:37","slug":"restaurante-naia-promove-festival-italiano","status":"publish","type":"post","link":"https:\/\/gastronomidia.com.br\/2021\/restaurante-naia-promove-festival-italiano\/midia\/","title":{"rendered":"Restaurante Naia promove Festival Italiano"},"content":{"rendered":"<p>A gastronomia italiana, uma das mais famosas e completas do mundo, vai ganhar destaque no\u00a0<strong>Festival Italiano<\/strong>\u00a0<span id=\"more-13335\"><\/span>promovido no\u00a0<strong>Restaurante Naia<\/strong>, entre os dias 14 e 18 de maio. O menu ser\u00e1 assinado pelo chef venezuelano\u00a0<strong>Xavier Medina<\/strong>, que \u00e9 especialista nesta cozinha.<\/p>\n<p>Localizado no lobby do\u00a0<strong>Holiday Inn Manaus<\/strong>, o restaurante preparou um menu que inclui petiscos: t\u00e1bua de fiambres; tran\u00e7a de mussarela; carpaccio de fil\u00e9 mignon; berinjela \u00e0 parmegiana e mussarela em carro\u00e7a. Para as saladas, caprese ao forno; salada Italiana e salada doce.<\/p>\n<p>As tradicionais massas n\u00e3o ficar\u00e3o de fora: fettuccine filetto pomodoro; agnolotti Toscani; spaghetti Francesco e cappellacci Fiorentina.<\/p>\n<p>Outra aposta do chef s\u00e3o as prote\u00ednas. O card\u00e1pio ter\u00e1 saltimbocca de fil\u00e9 mignon; milanesa de frango; Dourado Aqcua Pazza; envoltini de frango e cartoccio de tambaqui. Encerram o servi\u00e7o as sobremesas: panacota de coco e sorvete de manga; tiramissu e mousse de chocolate.<\/p>\n<p>O valor \u00e0 la carte varia de R$ 28,00 a\u00a0R$ 55,00. Bebidas ser\u00e3o cobradas \u00e0 parte.<\/p>\n<h3><strong>Servi\u00e7o<\/strong><\/h3>\n<p><strong>O qu\u00ea:\u00a0<\/strong>Festival Italiano \u2013 Restaurante Naia<br \/>\n<strong>Quando:<\/strong>\u00a014 a 18 de maio, das 18h a 23h<br \/>\n<strong>Onde:<\/strong>\u00a0Restaurante Naia \u2013 Holiday Inn Manaus,\u00a0Av. Gen. Rodrigo Ot\u00e1vio, 3721, Distrito Industrial<br \/>\n<strong>Quanto:<\/strong>\u00a0de R$ 28,00 a\u00a0R$ 55,00<br \/>\n<strong>Reservas:<\/strong>\u00a0(92) 3182 0100 \/\u00a0<a href=\"mailto:reservas.manaus@ihg.com\" target=\"_blank\" rel=\"noopener\">reservas.manaus@ihg.com<\/a><\/p>\n","protected":false},"excerpt":{"rendered":"<p>A gastronomia italiana, uma das mais famosas e completas do mundo, vai ganhar destaque no\u00a0Festival Italiano\u00a0promovido no\u00a0Restaurante Naia, entre os dias 14 e 18 de maio. O menu ser\u00e1 assinado pelo chef venezuelano\u00a0Xavier Medina, que \u00e9 especialista nesta cozinha. Localizado no lobby do\u00a0Holiday Inn Manaus, o restaurante preparou um menu que inclui petiscos: t\u00e1bua de &hellip;<\/p>\n","protected":false},"author":1,"featured_media":2868,"comment_status":"open","ping_status":"open","sticky":false,"template":"","format":"standard","meta":[],"categories":[130,95],"tags":[212,210,211,209],"_links":{"self":[{"href":"https:\/\/gastronomidia.com.br\/2021\/wp-json\/wp\/v2\/posts\/2867"}],"collection":[{"href":"https:\/\/gastronomidia.com.br\/2021\/wp-json\/wp\/v2\/posts"}],"about":[{"href":"https:\/\/gastronomidia.com.br\/2021\/wp-json\/wp\/v2\/types\/post"}],"author":[{"embeddable":true,"href":"https:\/\/gastronomidia.com.br\/2021\/wp-json\/wp\/v2\/users\/1"}],"replies":[{"embeddable":true,"href":"https:\/\/gastronomidia.com.br\/2021\/wp-json\/wp\/v2\/comments?post=2867"}],"version-history":[{"count":1,"href":"https:\/\/gastronomidia.com.br\/2021\/wp-json\/wp\/v2\/posts\/2867\/revisions"}],"predecessor-version":[{"id":2869,"href":"https:\/\/gastronomidia.com.br\/2021\/wp-json\/wp\/v2\/posts\/2867\/revisions\/2869"}],"wp:featuredmedia":[{"embeddable":true,"href":"https:\/\/gastronomidia.com.br\/2021\/wp-json\/wp\/v2\/media\/2868"}],"wp:attachment":[{"href":"https:\/\/gastronomidia.com.br\/2021\/wp-json\/wp\/v2\/media?parent=2867"}],"wp:term":[{"taxonomy":"category","embeddable":true,"href":"https:\/\/gastronomidia.com.br\/2021\/wp-json\/wp\/v2\/categories?post=2867"},{"taxonomy":"post_tag","embeddable":true,"href":"https:\/\/gastronomidia.com.br\/2021\/wp-json\/wp\/v2\/tags?post=2867"}],"curies":[{"name":"wp","href":"https:\/\/api.w.org\/{rel}","templated":true}]}}