{"id":2861,"date":"2018-05-12T12:36:02","date_gmt":"2018-05-12T12:36:02","guid":{"rendered":"http:\/\/gastronomidia.com.br\/?p=2861"},"modified":"2018-05-12T12:36:02","modified_gmt":"2018-05-12T12:36:02","slug":"heineken-lanca-garrafa-preta-para-homenagear-ozzy-osbourne","status":"publish","type":"post","link":"https:\/\/gastronomidia.com.br\/2021\/heineken-lanca-garrafa-preta-para-homenagear-ozzy-osbourne\/eventos\/","title":{"rendered":"Heineken lan\u00e7a garrafa preta para homenagear Ozzy Osbourne."},"content":{"rendered":"<p>Entre 13 a 20 de maio, Ozzy Osbourne vai passar pelo Brasil com o que a sua \u00faltima turn\u00ea. S\u00e3o Paulo, Curitiba, Belo Horizonte e Rio de Janeiro poder\u00e3o testemunhar a despedida do pr\u00edncipe das trevas dos palcos.<\/p>\n<p>Como patrocinadora da tour, sob a assinatura\u00a0<em>#LiveYourMusic<\/em>, a Heineken decidiu mudar de cor pela primeira vez na hist\u00f3ria da marca. A embalagem preta ser\u00e1 uma a\u00e7\u00e3o exclusiva para os shows, com long necks que ser\u00e3o distribu\u00eddas para influenciadores e para o pr\u00f3prio Ozzy.<\/p>\n<p>Segundo a empresa, a garrafa preta n\u00e3o estar\u00e1 dispon\u00edvel para venda. Ou seja, a Heineken at\u00e9 topou quebrar uma tradi\u00e7\u00e3o, mas nem tanto.<\/p>\n<p>Ser\u00e3o realizadas ainda ativa\u00e7\u00f5es nas quatro cidades em que Ozzy vai passar, com cenografia preta nos an\u00e9is de acesso das arenas, um painel interativo fotograf\u00e1vel e distribui\u00e7\u00e3o de copos e palhetas colecion\u00e1veis. A cria\u00e7\u00e3o \u00e9 da\u00a0<strong>Sherpa 42<\/strong>.<\/p>\n<p>Cr\u00e9ditos: Carlos Merigo &#8211; B9<\/p>\n","protected":false},"excerpt":{"rendered":"<p>Entre 13 a 20 de maio, Ozzy Osbourne vai passar pelo Brasil com o que a sua \u00faltima turn\u00ea. S\u00e3o Paulo, Curitiba, Belo Horizonte e Rio de Janeiro poder\u00e3o testemunhar a despedida do pr\u00edncipe das trevas dos palcos. Como patrocinadora da tour, sob a assinatura\u00a0#LiveYourMusic, a Heineken decidiu mudar de cor pela primeira vez na &hellip;<\/p>\n","protected":false},"author":1,"featured_media":2862,"comment_status":"open","ping_status":"open","sticky":false,"template":"","format":"standard","meta":[],"categories":[158,136,81,95,128],"tags":[201,200,203,204,202],"_links":{"self":[{"href":"https:\/\/gastronomidia.com.br\/2021\/wp-json\/wp\/v2\/posts\/2861"}],"collection":[{"href":"https:\/\/gastronomidia.com.br\/2021\/wp-json\/wp\/v2\/posts"}],"about":[{"href":"https:\/\/gastronomidia.com.br\/2021\/wp-json\/wp\/v2\/types\/post"}],"author":[{"embeddable":true,"href":"https:\/\/gastronomidia.com.br\/2021\/wp-json\/wp\/v2\/users\/1"}],"replies":[{"embeddable":true,"href":"https:\/\/gastronomidia.com.br\/2021\/wp-json\/wp\/v2\/comments?post=2861"}],"version-history":[{"count":1,"href":"https:\/\/gastronomidia.com.br\/2021\/wp-json\/wp\/v2\/posts\/2861\/revisions"}],"predecessor-version":[{"id":2863,"href":"https:\/\/gastronomidia.com.br\/2021\/wp-json\/wp\/v2\/posts\/2861\/revisions\/2863"}],"wp:featuredmedia":[{"embeddable":true,"href":"https:\/\/gastronomidia.com.br\/2021\/wp-json\/wp\/v2\/media\/2862"}],"wp:attachment":[{"href":"https:\/\/gastronomidia.com.br\/2021\/wp-json\/wp\/v2\/media?parent=2861"}],"wp:term":[{"taxonomy":"category","embeddable":true,"href":"https:\/\/gastronomidia.com.br\/2021\/wp-json\/wp\/v2\/categories?post=2861"},{"taxonomy":"post_tag","embeddable":true,"href":"https:\/\/gastronomidia.com.br\/2021\/wp-json\/wp\/v2\/tags?post=2861"}],"curies":[{"name":"wp","href":"https:\/\/api.w.org\/{rel}","templated":true}]}}