{"id":2652,"date":"2018-04-27T18:47:15","date_gmt":"2018-04-27T18:47:15","guid":{"rendered":"http:\/\/gastronomidia.com.br\/2021\/?p=2652"},"modified":"2018-04-27T20:50:27","modified_gmt":"2018-04-27T20:50:27","slug":"teresopolis-rj","status":"publish","type":"post","link":"https:\/\/gastronomidia.com.br\/2021\/teresopolis-rj\/viagem-gastronomica\/","title":{"rendered":"Teres\u00f3polis &#8211; RJ"},"content":{"rendered":"<p>Uma das principais cidades da regi\u00e3o serrana do Rio de Janeiro, Teres\u00f3polis \u00e9 palco anual para diversos festivais gastron\u00f4micos, o que faz da cidade um destino perfeito para quem quer garantir uma viagem enriquecedora no quesito sabores.<br \/>\nO calend\u00e1rio de festivais deixa a cidade animada o ano todo: em maio, acontece o Festival de Frutos do Mar; em junho, \u00e9 a vez do Ter\u00ea Fondue; para quem ama chocolates e doces, setembro \u00e9 o melhor m\u00eas, quando \u00e9 realizado o ChocoSerra, evento que d\u00e1 destaque para trufas, tortas, p\u00e3es de mel e outras guloseimas; em outubro, o Festival Gastron\u00f4mico de Teres\u00f3polis encerra o calend\u00e1rio com chave de ouro.<\/p>\n","protected":false},"excerpt":{"rendered":"<p>Uma das principais cidades da regi\u00e3o serrana do Rio de Janeiro, Teres\u00f3polis \u00e9 palco anual para diversos festivais gastron\u00f4micos, o que faz da cidade um destino perfeito para quem quer garantir uma viagem enriquecedora no quesito sabores. O calend\u00e1rio de festivais deixa a cidade animada o ano todo: em maio, acontece o Festival de Frutos &hellip;<\/p>\n","protected":false},"author":1,"featured_media":2653,"comment_status":"open","ping_status":"open","sticky":false,"template":"","format":"standard","meta":[],"categories":[109],"tags":[114,113,115,116,112,111,110,117],"_links":{"self":[{"href":"https:\/\/gastronomidia.com.br\/2021\/wp-json\/wp\/v2\/posts\/2652"}],"collection":[{"href":"https:\/\/gastronomidia.com.br\/2021\/wp-json\/wp\/v2\/posts"}],"about":[{"href":"https:\/\/gastronomidia.com.br\/2021\/wp-json\/wp\/v2\/types\/post"}],"author":[{"embeddable":true,"href":"https:\/\/gastronomidia.com.br\/2021\/wp-json\/wp\/v2\/users\/1"}],"replies":[{"embeddable":true,"href":"https:\/\/gastronomidia.com.br\/2021\/wp-json\/wp\/v2\/comments?post=2652"}],"version-history":[{"count":1,"href":"https:\/\/gastronomidia.com.br\/2021\/wp-json\/wp\/v2\/posts\/2652\/revisions"}],"predecessor-version":[{"id":2654,"href":"https:\/\/gastronomidia.com.br\/2021\/wp-json\/wp\/v2\/posts\/2652\/revisions\/2654"}],"wp:featuredmedia":[{"embeddable":true,"href":"https:\/\/gastronomidia.com.br\/2021\/wp-json\/wp\/v2\/media\/2653"}],"wp:attachment":[{"href":"https:\/\/gastronomidia.com.br\/2021\/wp-json\/wp\/v2\/media?parent=2652"}],"wp:term":[{"taxonomy":"category","embeddable":true,"href":"https:\/\/gastronomidia.com.br\/2021\/wp-json\/wp\/v2\/categories?post=2652"},{"taxonomy":"post_tag","embeddable":true,"href":"https:\/\/gastronomidia.com.br\/2021\/wp-json\/wp\/v2\/tags?post=2652"}],"curies":[{"name":"wp","href":"https:\/\/api.w.org\/{rel}","templated":true}]}}