{"id":2593,"date":"2018-04-24T18:10:24","date_gmt":"2018-04-24T18:10:24","guid":{"rendered":"http:\/\/gastronomidia.com.br\/2021\/?p=2593"},"modified":"2018-04-24T18:10:24","modified_gmt":"2018-04-24T18:10:24","slug":"receita-moqueca-de-cacao-com-banana-da-terra-e-pirao-do-bistro-558","status":"publish","type":"post","link":"https:\/\/gastronomidia.com.br\/2021\/receita-moqueca-de-cacao-com-banana-da-terra-e-pirao-do-bistro-558\/receitas\/","title":{"rendered":"Receita: Moqueca de Ca\u00e7\u00e3o com Banana da Terra e Pir\u00e3o do Bistr\u00f4 558"},"content":{"rendered":"<p>Insumos<\/p>\n<p>\u2013 4 postas de Ca\u00e7\u00e3o;<br \/>\n\u2013 1 Lim\u00e3o;<br \/>\n\u2013 1 Cebola;<br \/>\n\u2013 3 dentes de Alho;<br \/>\n\u2013 1 Piment\u00e3o verde;<br \/>\n\u2013 1 Piment\u00e3o vermelho;<br \/>\n\u2013 1 Piment\u00e3o amarelo;<br \/>\n\u2013 2 Bananas da Terra maduras e picadas;<br \/>\n\u2013 1 ma\u00e7o de Coentro;<br \/>\n\u2013 1 x\u00edcara de Farinha de Mandioca;<br \/>\n\u2013 1 lata de Tomate pelado;<br \/>\n\u2013 Q.B.* de Azeite;<br \/>\n\u2013 Q.B. de Sal;<br \/>\n\u2013 Q.B. de Pimenta-do-reino.<\/p>\n<p>*Quanto bastar<\/p>\n<p>Modo de Preparo<br \/>\nPara fazer a Moqueca de Ca\u00e7\u00e3o com Banana da Terra e Pir\u00e3o do Bistr\u00f4 558, tempere as postas com o lim\u00e3o, sal e pimenta-do-reino e reserve.<\/p>\n<p>Corte a cebola e os piment\u00f5es em rodelas, tire a casca do alho e pique. Numa frigideira grande refogue a cebola, alho e junte os piment\u00f5es. Em seguida coloque o tomate sem pele e picado, as bananas picadas e deixe cozinhar em fogo m\u00e9dio por 10 minutos tampado.<\/p>\n<p>Coloque as postas por baixo do molho, salpique com coentro na quantidade desejada, tampe e deixe cozinhar por mais 10 minutos em fogo m\u00e9dio. Desligue.<\/p>\n<p>Voc\u00ea vai perceber que formou um caldo na sua moqueca, parte desse caldo transfira para uma panela pequena em fogo baixo e aos poucos v\u00e1 colocando a farinha e mexendo bem at\u00e9 engrossar, formando o pir\u00e3o.<\/p>\n<p>Sirva com arroz branco. Serve 4 pessoas.<\/p>\n<p>Receita do Bistr\u00f4 558, por chef Melchior Neto<br \/>\nRestaurante de comida francesa localizado na Rua Coronel Ortiz, 558, Vila Assun\u00e7\u00e3o, em Santo Andr\u00e9<br \/>\nHor\u00e1rio de Funcionamento: Ter\u00e7a a s\u00e1bado, das 12h \u00e0s 15h e das 19h \u00e0s 23h. Aos domingos, das 12h \u00e0s 16h<br \/>\nTelefone: (11) 4436-3593<\/p>\n","protected":false},"excerpt":{"rendered":"<p>Insumos \u2013 4 postas de Ca\u00e7\u00e3o; \u2013 1 Lim\u00e3o; \u2013 1 Cebola; \u2013 3 dentes de Alho; \u2013 1 Piment\u00e3o verde; \u2013 1 Piment\u00e3o vermelho; \u2013 1 Piment\u00e3o amarelo; \u2013 2 Bananas da Terra maduras e picadas; \u2013 1 ma\u00e7o de Coentro; \u2013 1 x\u00edcara de Farinha de Mandioca; \u2013 1 lata de Tomate pelado; &hellip;<\/p>\n","protected":false},"author":1,"featured_media":2594,"comment_status":"open","ping_status":"open","sticky":false,"template":"","format":"standard","meta":[],"categories":[100],"tags":[105,108,104,103,106,107],"_links":{"self":[{"href":"https:\/\/gastronomidia.com.br\/2021\/wp-json\/wp\/v2\/posts\/2593"}],"collection":[{"href":"https:\/\/gastronomidia.com.br\/2021\/wp-json\/wp\/v2\/posts"}],"about":[{"href":"https:\/\/gastronomidia.com.br\/2021\/wp-json\/wp\/v2\/types\/post"}],"author":[{"embeddable":true,"href":"https:\/\/gastronomidia.com.br\/2021\/wp-json\/wp\/v2\/users\/1"}],"replies":[{"embeddable":true,"href":"https:\/\/gastronomidia.com.br\/2021\/wp-json\/wp\/v2\/comments?post=2593"}],"version-history":[{"count":2,"href":"https:\/\/gastronomidia.com.br\/2021\/wp-json\/wp\/v2\/posts\/2593\/revisions"}],"predecessor-version":[{"id":2596,"href":"https:\/\/gastronomidia.com.br\/2021\/wp-json\/wp\/v2\/posts\/2593\/revisions\/2596"}],"wp:featuredmedia":[{"embeddable":true,"href":"https:\/\/gastronomidia.com.br\/2021\/wp-json\/wp\/v2\/media\/2594"}],"wp:attachment":[{"href":"https:\/\/gastronomidia.com.br\/2021\/wp-json\/wp\/v2\/media?parent=2593"}],"wp:term":[{"taxonomy":"category","embeddable":true,"href":"https:\/\/gastronomidia.com.br\/2021\/wp-json\/wp\/v2\/categories?post=2593"},{"taxonomy":"post_tag","embeddable":true,"href":"https:\/\/gastronomidia.com.br\/2021\/wp-json\/wp\/v2\/tags?post=2593"}],"curies":[{"name":"wp","href":"https:\/\/api.w.org\/{rel}","templated":true}]}}