{"id":2519,"date":"2018-04-19T20:41:08","date_gmt":"2018-04-19T20:41:08","guid":{"rendered":"http:\/\/gastronomidia.com.br\/2021\/?p=2519"},"modified":"2018-04-20T18:37:03","modified_gmt":"2018-04-20T18:37:03","slug":"22a-edicao-da-sao-paulo-restaurant-week-ganha-mais-uma-semana-de-evento","status":"publish","type":"post","link":"https:\/\/gastronomidia.com.br\/2021\/22a-edicao-da-sao-paulo-restaurant-week-ganha-mais-uma-semana-de-evento\/eventos\/","title":{"rendered":"22\u00aa edi\u00e7\u00e3o da SP Restaurant Week."},"content":{"rendered":"<p>Ap\u00f3s duas semanas de sucesso e com o dobro do p\u00fablico esperado, a 22\u00aa edi\u00e7\u00e3o da S\u00e3o Paulo Restaurant Week, anuncia mais uma semana de evento para proporcionar at\u00e9 o dia 29 de abril a boa gastronomia para todos os seus clientes. Ao todos s\u00e3o mais de 200 restaurantes participantes que contam com menus in\u00e9ditos preparados com ingredientes especiais.<\/p>\n<p>Sob o tema \u201cGastronomia Internacional\u201d, chefs surpreendem os clientes com sabores e experiencias gastron\u00f4micas, recheadas de cultura e diversidade. \u201cO festival \u00e9 uma \u00f3tima oportunidade para desbravar a gastronomia da cidade e conhecer a cultura de outras na\u00e7\u00f5es a um pre\u00e7o acess\u00edvel. Quem ainda n\u00e3o foi, n\u00e3o pode perder essa chance!\u201d, recomenda Fernando Reis, idealizador do evento no Brasil.<\/p>\n<p>A semana extra, manter\u00e1 a op\u00e7\u00e3o de Menu Premium, com restaurantes de chefs renomados para quem quer vivenciar uma experi\u00eancia gastron\u00f4mica ainda mais sofisticada, mas tamb\u00e9m a pre\u00e7os democr\u00e1ticos. Os valores fixos continuam para o Menu Tradicional, o almo\u00e7o \u00e9 R$ 46,90 e no jantar R$ 58,90. J\u00e1 para o Menu Premium, que \u00e9 necess\u00e1rio fazer reserva pelo site do evento, o almo\u00e7o sai por R$ 68, e para o jantar R$ 89.<\/p>\n<p>Al\u00e9m disso, os consumidores podem continuar doando R$ 1 no valor final da conta e todo dinheiro arrecadado ser\u00e1 doado para Funda\u00e7\u00e3o Cafu. Outra forma de ajudar \u00e9 doando as notas fiscais sem CPF para a APAE SP \u2013 Associa\u00e7\u00e3o de Pais e Amigos dos Excepcionais, atrav\u00e9s do aplicativo da Nota Fiscal Paulista. Mais que um evento de gastronomia, a Restaurant Week j\u00e1 se consolidou como evento de transforma\u00e7\u00e3o na \u00e1rea social.<\/p>\n<p>A cervejaria Petra \u00e9 a patrocinadora oficial do evento e apresenta um menu de Cerveja Especiais, artesanais puro malte para harmonizar com os pratos. Para n\u00e3o perder a oportunidade de conferir toda essa experi\u00eancia, as reservas podem ser feitas pelo site: www.restaurantweek.com.br.<\/p>\n<p>Banner Espa\u00e7amento<br \/>\nSobre o Grupo MiCA<br \/>\nA MiCA trouxe para o Brasil um novo conceito em comunica\u00e7\u00e3o criativa com a ideia de veicular mensagens publicit\u00e1rias em cart\u00f5es postais, tornando a publicidade mais atrativa e inovadora atingindo um p\u00fablico j\u00e1 saturado pelas abordagens convencionais. Com o objetivo de democratizar a gastronomia no Pa\u00eds, a Mica realiza a Restaurant Week, hoje considerado o evento gastron\u00f4mico mais celebrado do Brasil, reunindo os melhores restaurantes da cidade.<\/p>\n<p>Sobre a Petra<br \/>\nA Petra surgiu nos anos 1990, na regi\u00e3o serrana do Rio de Janeiro. Marca de cerveja especial, conquistou o brasileiro que aprecia cervejas com sabor mais elaborado e diferenciado, feita com base na tradi\u00e7\u00e3o alem\u00e3. Come\u00e7ou a ser produzida na vers\u00e3o escura e, anos depois, outras cinco vers\u00f5es foram desenvolvidas \u2013 Aurum, Schwarzbier, Bock, Weiss Bier e Stark Bier \u2013 todas com ingredientes diferenciados, para um p\u00fablico exigente, que costuma apreciar a bebida como parte de uma experi\u00eancia gastron\u00f4mica.<\/p>\n<p>Sobre a Funda\u00e7\u00e3o Cafu<br \/>\nA Funda\u00e7\u00e3o Cafu, uma entidade sem fins lucrativos que cria oportunidades de desenvolvimento pessoal para combater a desigualdade social, est\u00e1 localizado no Jardim Irene, bairro onde o Cafu passou toda sua inf\u00e2ncia e pelo qual possui um grande carinho.<\/p>\n<p>Hoje a Funda\u00e7\u00e3o Cafu realiza cerca de 11.126 atendimentos por m\u00eas, refer\u00eancia em projetos concretos e perspectivas de futuro para milhares de crian\u00e7as, jovens e adultos. Possui uma sala de aula do Instituto Embelleze, onde \u00e9 oferecido a 100 alunos o curso profissionalizante de cabeleireiro, 160 participantes no grupo de caminhada saud\u00e1vel e 60 mulheres inscritas no curso de artesanato.<\/p>\n<p>Servi\u00e7o<br \/>\n22\u00aa edi\u00e7\u00e3o da S\u00e3o Paulo Restaurant Week<br \/>\nData: De 30 de mar\u00e7o a 29 de abril<br \/>\nTema: Gastronomia Internacional<br \/>\nSite: www.restaurantweek.com.br<\/p>\n<p>Valores:<br \/>\nMenu Week \u2013 R$ 46,90 o almo\u00e7o e R$ 58,90 o jantar<br \/>\nMenu Premium \u2013 R$ 68 o almo\u00e7o e R$ 89 o jantar \u2013 Somente com reserva<\/p>\n","protected":false},"excerpt":{"rendered":"<p>Ap\u00f3s duas semanas de sucesso e com o dobro do p\u00fablico esperado, a 22\u00aa edi\u00e7\u00e3o da S\u00e3o Paulo Restaurant Week, anuncia mais uma semana de evento para proporcionar at\u00e9 o dia 29 de abril a boa gastronomia para todos os seus clientes. Ao todos s\u00e3o mais de 200 restaurantes participantes que contam com menus in\u00e9ditos &hellip;<\/p>\n","protected":false},"author":1,"featured_media":2522,"comment_status":"closed","ping_status":"closed","sticky":false,"template":"","format":"standard","meta":[],"categories":[81],"tags":[90,93,92,91],"_links":{"self":[{"href":"https:\/\/gastronomidia.com.br\/2021\/wp-json\/wp\/v2\/posts\/2519"}],"collection":[{"href":"https:\/\/gastronomidia.com.br\/2021\/wp-json\/wp\/v2\/posts"}],"about":[{"href":"https:\/\/gastronomidia.com.br\/2021\/wp-json\/wp\/v2\/types\/post"}],"author":[{"embeddable":true,"href":"https:\/\/gastronomidia.com.br\/2021\/wp-json\/wp\/v2\/users\/1"}],"replies":[{"embeddable":true,"href":"https:\/\/gastronomidia.com.br\/2021\/wp-json\/wp\/v2\/comments?post=2519"}],"version-history":[{"count":5,"href":"https:\/\/gastronomidia.com.br\/2021\/wp-json\/wp\/v2\/posts\/2519\/revisions"}],"predecessor-version":[{"id":2527,"href":"https:\/\/gastronomidia.com.br\/2021\/wp-json\/wp\/v2\/posts\/2519\/revisions\/2527"}],"wp:featuredmedia":[{"embeddable":true,"href":"https:\/\/gastronomidia.com.br\/2021\/wp-json\/wp\/v2\/media\/2522"}],"wp:attachment":[{"href":"https:\/\/gastronomidia.com.br\/2021\/wp-json\/wp\/v2\/media?parent=2519"}],"wp:term":[{"taxonomy":"category","embeddable":true,"href":"https:\/\/gastronomidia.com.br\/2021\/wp-json\/wp\/v2\/categories?post=2519"},{"taxonomy":"post_tag","embeddable":true,"href":"https:\/\/gastronomidia.com.br\/2021\/wp-json\/wp\/v2\/tags?post=2519"}],"curies":[{"name":"wp","href":"https:\/\/api.w.org\/{rel}","templated":true}]}}